{"id":1054,"date":"2018-06-18T12:52:01","date_gmt":"2018-06-18T11:52:01","guid":{"rendered":"http:\/\/rac-ciencias.org\/wp\/?p=1054"},"modified":"2018-06-19T13:05:16","modified_gmt":"2018-06-19T12:05:16","slug":"sesion-academica-en-memoria-de-alfredo-mederos","status":"publish","type":"post","link":"http:\/\/rac-ciencias.org\/wp\/?p=1054","title":{"rendered":"Sesi\u00f3n Acad\u00e9mica en memoria de Alfredo Mederos"},"content":{"rendered":"<p>&nbsp;<\/p>\n<p><img loading=\"lazy\" decoding=\"async\" class=\"wp-image-1064 aligncenter\" src=\"http:\/\/rac-ciencias.org\/wp\/wp-content\/uploads\/2018\/06\/MEDEROS.jpg\" alt=\"\" width=\"426\" height=\"152\" srcset=\"http:\/\/rac-ciencias.org\/wp\/wp-content\/uploads\/2018\/06\/MEDEROS.jpg 956w, http:\/\/rac-ciencias.org\/wp\/wp-content\/uploads\/2018\/06\/MEDEROS-300x107.jpg 300w, http:\/\/rac-ciencias.org\/wp\/wp-content\/uploads\/2018\/06\/MEDEROS-768x274.jpg 768w\" sizes=\"auto, (max-width: 426px) 100vw, 426px\" \/><\/p>\n<p>17 de Junio de 2018, La Laguna.<\/p>\n<p>Se celebr\u00f3 en la Universidad de La Laguna una solemne sesi\u00f3n en recuerdo de la recientemente fallecido (15 de Noviembre de 2017) Acad\u00e9mico Prof Dr D Alfredo Mederos. El programa del acto puede verse\u00a0 <a href=\"http:\/\/rac-ciencias.org\/wp\/wp-content\/uploads\/2018\/06\/MMMederos.png\">AQU\u00cd<\/a><\/p>\n","protected":false},"excerpt":{"rendered":"<p>&nbsp; 17 de Junio de 2018, La Laguna. Se celebr\u00f3 en la Universidad de La Laguna una solemne sesi\u00f3n en recuerdo de la recientemente fallecido (15 de Noviembre de 2017) Acad\u00e9mico Prof Dr D Alfredo Mederos. El programa del acto puede verse\u00a0 AQU\u00cd<\/p>\n","protected":false},"author":1,"featured_media":0,"comment_status":"open","ping_status":"open","sticky":false,"template":"","format":"standard","meta":{"footnotes":""},"categories":[1],"tags":[],"class_list":["post-1054","post","type-post","status-publish","format-standard","hentry","category-uncategorized"],"_links":{"self":[{"href":"http:\/\/rac-ciencias.org\/wp\/index.php?rest_route=\/wp\/v2\/posts\/1054","targetHints":{"allow":["GET"]}}],"collection":[{"href":"http:\/\/rac-ciencias.org\/wp\/index.php?rest_route=\/wp\/v2\/posts"}],"about":[{"href":"http:\/\/rac-ciencias.org\/wp\/index.php?rest_route=\/wp\/v2\/types\/post"}],"author":[{"embeddable":true,"href":"http:\/\/rac-ciencias.org\/wp\/index.php?rest_route=\/wp\/v2\/users\/1"}],"replies":[{"embeddable":true,"href":"http:\/\/rac-ciencias.org\/wp\/index.php?rest_route=%2Fwp%2Fv2%2Fcomments&post=1054"}],"version-history":[{"count":6,"href":"http:\/\/rac-ciencias.org\/wp\/index.php?rest_route=\/wp\/v2\/posts\/1054\/revisions"}],"predecessor-version":[{"id":1068,"href":"http:\/\/rac-ciencias.org\/wp\/index.php?rest_route=\/wp\/v2\/posts\/1054\/revisions\/1068"}],"wp:attachment":[{"href":"http:\/\/rac-ciencias.org\/wp\/index.php?rest_route=%2Fwp%2Fv2%2Fmedia&parent=1054"}],"wp:term":[{"taxonomy":"category","embeddable":true,"href":"http:\/\/rac-ciencias.org\/wp\/index.php?rest_route=%2Fwp%2Fv2%2Fcategories&post=1054"},{"taxonomy":"post_tag","embeddable":true,"href":"http:\/\/rac-ciencias.org\/wp\/index.php?rest_route=%2Fwp%2Fv2%2Ftags&post=1054"}],"curies":[{"name":"wp","href":"https:\/\/api.w.org\/{rel}","templated":true}]}}