{"id":1172,"date":"2018-12-11T17:25:17","date_gmt":"2018-12-11T17:25:17","guid":{"rendered":"http:\/\/rac-ciencias.org\/wp\/?p=1172"},"modified":"2018-12-11T17:32:39","modified_gmt":"2018-12-11T17:32:39","slug":"fin-del-curso-2018","status":"publish","type":"post","link":"http:\/\/rac-ciencias.org\/wp\/?p=1172","title":{"rendered":"Fin del curso 2018"},"content":{"rendered":"\n<div class=\"wp-block-image\"><figure class=\"aligncenter is-resized\"><img loading=\"lazy\" decoding=\"async\" src=\"http:\/\/rac-ciencias.org\/wp\/wp-content\/uploads\/2018\/12\/Canarias-1024x444.jpg\" alt=\"\" class=\"wp-image-1176\" width=\"371\" height=\"160\" srcset=\"http:\/\/rac-ciencias.org\/wp\/wp-content\/uploads\/2018\/12\/Canarias-1024x444.jpg 1024w, http:\/\/rac-ciencias.org\/wp\/wp-content\/uploads\/2018\/12\/Canarias-300x130.jpg 300w, http:\/\/rac-ciencias.org\/wp\/wp-content\/uploads\/2018\/12\/Canarias-768x333.jpg 768w, http:\/\/rac-ciencias.org\/wp\/wp-content\/uploads\/2018\/12\/Canarias.jpg 1883w\" sizes=\"auto, (max-width: 371px) 100vw, 371px\" \/><\/figure><\/div>\n\n\n\n<p>Los d\u00edas 13 de Diciembre (en <strong>Las Palmas de GC<\/strong>, a las 19:00 en la Sala de Grados de Humanidades) y el\u00a0 14 (en <strong>La Laguna<\/strong>, en su lugar y horario habituales) se celebrar\u00e1 la solemne clausura del curso 2018 de la RACC. <\/p>\n\n\n\n<p>Para ello se cuenta con la participaci\u00f3n del <strong>Dr Francisco J P\u00e9rez Torrado<\/strong>, Catedr\u00e1tico de la U de Las Palmas de GC, quien ofrecer\u00e1 una conferencia titulada \u00ab<strong>Nacimiento, Vida y Muerte de las Islas Volc\u00e1nicas Intraplaca<\/strong>\u00bb cuyo cartel (en versi\u00f3n Las Palmas) <a href=\"http:\/\/rac-ciencias.org\/wp\/wp-content\/uploads\/2018\/12\/PACO-RACC.jpg\">puede verse aqu\u00ed<\/a>.\u00a0<\/p>\n","protected":false},"excerpt":{"rendered":"<p>Los d\u00edas 13 de Diciembre (en Las Palmas de GC, a las 19:00 en la Sala de Grados de Humanidades) y el\u00a0 14 (en La Laguna, en su lugar y horario habituales) se celebrar\u00e1 la solemne clausura del curso 2018 de la RACC. Para ello se cuenta con la participaci\u00f3n del Dr Francisco J P\u00e9rez [&hellip;]<\/p>\n","protected":false},"author":1,"featured_media":0,"comment_status":"open","ping_status":"open","sticky":false,"template":"","format":"standard","meta":{"footnotes":""},"categories":[1],"tags":[],"class_list":["post-1172","post","type-post","status-publish","format-standard","hentry","category-uncategorized"],"_links":{"self":[{"href":"http:\/\/rac-ciencias.org\/wp\/index.php?rest_route=\/wp\/v2\/posts\/1172","targetHints":{"allow":["GET"]}}],"collection":[{"href":"http:\/\/rac-ciencias.org\/wp\/index.php?rest_route=\/wp\/v2\/posts"}],"about":[{"href":"http:\/\/rac-ciencias.org\/wp\/index.php?rest_route=\/wp\/v2\/types\/post"}],"author":[{"embeddable":true,"href":"http:\/\/rac-ciencias.org\/wp\/index.php?rest_route=\/wp\/v2\/users\/1"}],"replies":[{"embeddable":true,"href":"http:\/\/rac-ciencias.org\/wp\/index.php?rest_route=%2Fwp%2Fv2%2Fcomments&post=1172"}],"version-history":[{"count":3,"href":"http:\/\/rac-ciencias.org\/wp\/index.php?rest_route=\/wp\/v2\/posts\/1172\/revisions"}],"predecessor-version":[{"id":1178,"href":"http:\/\/rac-ciencias.org\/wp\/index.php?rest_route=\/wp\/v2\/posts\/1172\/revisions\/1178"}],"wp:attachment":[{"href":"http:\/\/rac-ciencias.org\/wp\/index.php?rest_route=%2Fwp%2Fv2%2Fmedia&parent=1172"}],"wp:term":[{"taxonomy":"category","embeddable":true,"href":"http:\/\/rac-ciencias.org\/wp\/index.php?rest_route=%2Fwp%2Fv2%2Fcategories&post=1172"},{"taxonomy":"post_tag","embeddable":true,"href":"http:\/\/rac-ciencias.org\/wp\/index.php?rest_route=%2Fwp%2Fv2%2Ftags&post=1172"}],"curies":[{"name":"wp","href":"https:\/\/api.w.org\/{rel}","templated":true}]}}