{"id":1979,"date":"2022-05-11T08:51:11","date_gmt":"2022-05-11T07:51:11","guid":{"rendered":"http:\/\/rac-ciencias.org\/wp\/?p=1979"},"modified":"2022-05-11T08:51:11","modified_gmt":"2022-05-11T07:51:11","slug":"una-conferencia-sobre-blas-cabrera","status":"publish","type":"post","link":"http:\/\/rac-ciencias.org\/wp\/?p=1979","title":{"rendered":"Una conferencia sobre Blas Cabrera"},"content":{"rendered":"\n<div class=\"wp-block-image\"><figure class=\"aligncenter size-large is-resized\"><img loading=\"lazy\" decoding=\"async\" src=\"http:\/\/rac-ciencias.org\/wp\/wp-content\/uploads\/2022\/05\/IMG_20210130_145226-1024x768.jpg\" alt=\"\" class=\"wp-image-1980\" width=\"268\" height=\"201\" srcset=\"http:\/\/rac-ciencias.org\/wp\/wp-content\/uploads\/2022\/05\/IMG_20210130_145226-1024x768.jpg 1024w, http:\/\/rac-ciencias.org\/wp\/wp-content\/uploads\/2022\/05\/IMG_20210130_145226-300x225.jpg 300w, http:\/\/rac-ciencias.org\/wp\/wp-content\/uploads\/2022\/05\/IMG_20210130_145226-768x576.jpg 768w, http:\/\/rac-ciencias.org\/wp\/wp-content\/uploads\/2022\/05\/IMG_20210130_145226-1536x1152.jpg 1536w, http:\/\/rac-ciencias.org\/wp\/wp-content\/uploads\/2022\/05\/IMG_20210130_145226-2048x1536.jpg 2048w\" sizes=\"auto, (max-width: 268px) 100vw, 268px\" \/><\/figure><\/div>\n\n\n\n<p>18.05.2022, La Laguna. A las 12:00 horas. Aula Magna de las Secciones de Matem\u00e1ticas y F\u00edsica\u00a0de la Facultad de Ciencias de la ULL.<\/p>\n\n\n\n<p>Sesi\u00f3n Acad\u00e9mica donde el <strong>Prof. Dr. D. Francisco Gonz\u00e1lez de Posada, <\/strong>Catedr\u00e1tico Jubilado de F\u00edsica de la Universidad Polit\u00e9cnica de Madrid, pronunciar\u00e1 la conferencia<\/p>\n\n\n\n<p class=\"has-vivid-red-color has-text-color\"><strong>\u201cBlas Cabrera, canario ilustre, pionero y director del \u00abhacer ciencia\u00bb f\u00edsica y qu\u00edmica en Espa\u00f1a\u201d<\/strong><\/p>\n","protected":false},"excerpt":{"rendered":"<p>18.05.2022, La Laguna. A las 12:00 horas. Aula Magna de las Secciones de Matem\u00e1ticas y F\u00edsica\u00a0de la Facultad de Ciencias de la ULL. Sesi\u00f3n Acad\u00e9mica donde el Prof. Dr. D. Francisco Gonz\u00e1lez de Posada, Catedr\u00e1tico Jubilado de F\u00edsica de la Universidad Polit\u00e9cnica de Madrid, pronunciar\u00e1 la conferencia \u201cBlas Cabrera, canario ilustre, pionero y director del [&hellip;]<\/p>\n","protected":false},"author":1,"featured_media":0,"comment_status":"open","ping_status":"open","sticky":false,"template":"","format":"standard","meta":{"footnotes":""},"categories":[1],"tags":[],"class_list":["post-1979","post","type-post","status-publish","format-standard","hentry","category-uncategorized"],"_links":{"self":[{"href":"http:\/\/rac-ciencias.org\/wp\/index.php?rest_route=\/wp\/v2\/posts\/1979","targetHints":{"allow":["GET"]}}],"collection":[{"href":"http:\/\/rac-ciencias.org\/wp\/index.php?rest_route=\/wp\/v2\/posts"}],"about":[{"href":"http:\/\/rac-ciencias.org\/wp\/index.php?rest_route=\/wp\/v2\/types\/post"}],"author":[{"embeddable":true,"href":"http:\/\/rac-ciencias.org\/wp\/index.php?rest_route=\/wp\/v2\/users\/1"}],"replies":[{"embeddable":true,"href":"http:\/\/rac-ciencias.org\/wp\/index.php?rest_route=%2Fwp%2Fv2%2Fcomments&post=1979"}],"version-history":[{"count":1,"href":"http:\/\/rac-ciencias.org\/wp\/index.php?rest_route=\/wp\/v2\/posts\/1979\/revisions"}],"predecessor-version":[{"id":1981,"href":"http:\/\/rac-ciencias.org\/wp\/index.php?rest_route=\/wp\/v2\/posts\/1979\/revisions\/1981"}],"wp:attachment":[{"href":"http:\/\/rac-ciencias.org\/wp\/index.php?rest_route=%2Fwp%2Fv2%2Fmedia&parent=1979"}],"wp:term":[{"taxonomy":"category","embeddable":true,"href":"http:\/\/rac-ciencias.org\/wp\/index.php?rest_route=%2Fwp%2Fv2%2Fcategories&post=1979"},{"taxonomy":"post_tag","embeddable":true,"href":"http:\/\/rac-ciencias.org\/wp\/index.php?rest_route=%2Fwp%2Fv2%2Ftags&post=1979"}],"curies":[{"name":"wp","href":"https:\/\/api.w.org\/{rel}","templated":true}]}}