{"id":1995,"date":"2022-05-19T16:55:23","date_gmt":"2022-05-19T15:55:23","guid":{"rendered":"http:\/\/rac-ciencias.org\/wp\/?p=1995"},"modified":"2022-05-19T17:32:48","modified_gmt":"2022-05-19T16:32:48","slug":"nuevos-presidente-y-junta-directiva-de-la-racc","status":"publish","type":"post","link":"http:\/\/rac-ciencias.org\/wp\/?p=1995","title":{"rendered":"Nuevos Presidente y Junta Directiva de la RACC"},"content":{"rendered":"\n<div class=\"wp-block-image\"><figure class=\"aligncenter size-large is-resized\"><img loading=\"lazy\" decoding=\"async\" src=\"http:\/\/rac-ciencias.org\/wp\/wp-content\/uploads\/2022\/05\/IMG_20220103_080139-1024x1024.jpg\" alt=\"\" class=\"wp-image-1999\" width=\"198\" height=\"198\" srcset=\"http:\/\/rac-ciencias.org\/wp\/wp-content\/uploads\/2022\/05\/IMG_20220103_080139-1024x1024.jpg 1024w, http:\/\/rac-ciencias.org\/wp\/wp-content\/uploads\/2022\/05\/IMG_20220103_080139-300x300.jpg 300w, http:\/\/rac-ciencias.org\/wp\/wp-content\/uploads\/2022\/05\/IMG_20220103_080139-150x150.jpg 150w, http:\/\/rac-ciencias.org\/wp\/wp-content\/uploads\/2022\/05\/IMG_20220103_080139-768x767.jpg 768w, http:\/\/rac-ciencias.org\/wp\/wp-content\/uploads\/2022\/05\/IMG_20220103_080139-1536x1536.jpg 1536w, http:\/\/rac-ciencias.org\/wp\/wp-content\/uploads\/2022\/05\/IMG_20220103_080139-2048x2046.jpg 2048w\" sizes=\"auto, (max-width: 198px) 100vw, 198px\" \/><figcaption>Nueva directiva<\/figcaption><\/figure><\/div>\n\n\n\n<p class=\"has-text-align-center has-vivid-red-color has-text-color\">Canarias, 19 de Mayo de 2022.<\/p>\n\n\n\n<p>En sesi\u00f3n plenaria de la RACC celebrada el d\u00eda de hoy, en forma semi-presencial, se ha procedido a la elecci\u00f3n de nuevo Presidente de la RACC, as\u00ed como del equipo que le acompa\u00f1ar\u00e1. <\/p>\n\n\n\n<p>La \u00fanica candidatura presentada, encabezada por el Dr Daniel Alonso, fue elegida por asentimiento. Est\u00e1 formada por los siguientes Acad\u00e9micos:<\/p>\n\n\n\n<p><strong>Presidente<\/strong>: Dr Daniel ALONSO RAM\u00cdREZ, Secci\u00f3n de F\u00edsica<\/p>\n\n\n\n<p><strong>Vicepresidente<\/strong>: Dr Jos\u00e9 REGIDOR GARC\u00cdA, Secci\u00f3n de Biolog\u00eda<\/p>\n\n\n\n<p><strong>Secretario<\/strong>: Dr Carlos GONZ\u00c1LEZ MART\u00cdN, Secci\u00f3n de Matem\u00e1ticas<\/p>\n\n\n\n<p><strong>Vicesecretario<\/strong>: Dr Jos\u00e9 Juan SANTANA RODR\u00cdGUEZ, Secci\u00f3n de Qu\u00edmica<\/p>\n\n\n\n<p><strong>Tesorero<\/strong>: Dr Jos\u00e9 BRET\u00d3N PE\u00d1A, Secci\u00f3n de F\u00edsica<\/p>\n\n\n\n<p><strong>Bibliotecario<\/strong>: Dr Juan Carlos MARRERO GONZ\u00c1LEZ, Secci\u00f3n de Matem\u00e1ticas<\/p>\n\n\n\n<p>La nueva Junta Directiva proceder\u00e1 a nombrar los Vocales por las diferentes secciones.<\/p>\n\n\n\n<p><\/p>\n\n\n\n<p class=\"has-text-align-center has-vivid-cyan-blue-color has-text-color has-large-font-size\"><strong>\u00a1Enhorabuena!<\/strong><\/p>\n\n\n\n<p>Con nuestro agradecimiento al Presidente saliente, Dr Jos\u00e9 M\u00c9NDEZ, y su equipo<\/p>\n\n\n\n<p class=\"has-text-align-center has-vivid-cyan-blue-color has-text-color has-large-font-size\"><strong>\u00a1Gracias!<\/strong><\/p>\n\n\n\n<p><\/p>\n\n\n\n<p><\/p>\n\n\n\n<p><\/p>\n\n\n\n<p> <\/p>\n","protected":false},"excerpt":{"rendered":"<p>Canarias, 19 de Mayo de 2022. En sesi\u00f3n plenaria de la RACC celebrada el d\u00eda de hoy, en forma semi-presencial, se ha procedido a la elecci\u00f3n de nuevo Presidente de la RACC, as\u00ed como del equipo que le acompa\u00f1ar\u00e1. La \u00fanica candidatura presentada, encabezada por el Dr Daniel Alonso, fue elegida por asentimiento. Est\u00e1 formada [&hellip;]<\/p>\n","protected":false},"author":1,"featured_media":0,"comment_status":"open","ping_status":"open","sticky":false,"template":"","format":"standard","meta":{"footnotes":""},"categories":[1],"tags":[],"class_list":["post-1995","post","type-post","status-publish","format-standard","hentry","category-uncategorized"],"_links":{"self":[{"href":"http:\/\/rac-ciencias.org\/wp\/index.php?rest_route=\/wp\/v2\/posts\/1995","targetHints":{"allow":["GET"]}}],"collection":[{"href":"http:\/\/rac-ciencias.org\/wp\/index.php?rest_route=\/wp\/v2\/posts"}],"about":[{"href":"http:\/\/rac-ciencias.org\/wp\/index.php?rest_route=\/wp\/v2\/types\/post"}],"author":[{"embeddable":true,"href":"http:\/\/rac-ciencias.org\/wp\/index.php?rest_route=\/wp\/v2\/users\/1"}],"replies":[{"embeddable":true,"href":"http:\/\/rac-ciencias.org\/wp\/index.php?rest_route=%2Fwp%2Fv2%2Fcomments&post=1995"}],"version-history":[{"count":7,"href":"http:\/\/rac-ciencias.org\/wp\/index.php?rest_route=\/wp\/v2\/posts\/1995\/revisions"}],"predecessor-version":[{"id":2007,"href":"http:\/\/rac-ciencias.org\/wp\/index.php?rest_route=\/wp\/v2\/posts\/1995\/revisions\/2007"}],"wp:attachment":[{"href":"http:\/\/rac-ciencias.org\/wp\/index.php?rest_route=%2Fwp%2Fv2%2Fmedia&parent=1995"}],"wp:term":[{"taxonomy":"category","embeddable":true,"href":"http:\/\/rac-ciencias.org\/wp\/index.php?rest_route=%2Fwp%2Fv2%2Fcategories&post=1995"},{"taxonomy":"post_tag","embeddable":true,"href":"http:\/\/rac-ciencias.org\/wp\/index.php?rest_route=%2Fwp%2Fv2%2Ftags&post=1995"}],"curies":[{"name":"wp","href":"https:\/\/api.w.org\/{rel}","templated":true}]}}