{"id":2010,"date":"2022-06-23T08:28:17","date_gmt":"2022-06-23T07:28:17","guid":{"rendered":"http:\/\/rac-ciencias.org\/wp\/?p=2010"},"modified":"2022-06-23T08:36:52","modified_gmt":"2022-06-23T07:36:52","slug":"seminario-sobre-volcanologia-de-canarias","status":"publish","type":"post","link":"http:\/\/rac-ciencias.org\/wp\/?p=2010","title":{"rendered":"Seminario sobre Volcanolog\u00eda de Canarias"},"content":{"rendered":"<div class=\"wp-block-image\">\n<figure class=\"aligncenter size-large is-resized\"><img loading=\"lazy\" decoding=\"async\" src=\"http:\/\/rac-ciencias.org\/wp\/wp-content\/uploads\/2022\/06\/LosColoresDelVolca\u0301n--1024x354.jpg\" alt=\"\" class=\"wp-image-2013\" width=\"517\" height=\"178\" srcset=\"http:\/\/rac-ciencias.org\/wp\/wp-content\/uploads\/2022\/06\/LosColoresDelVolca\u0301n--1024x354.jpg 1024w, http:\/\/rac-ciencias.org\/wp\/wp-content\/uploads\/2022\/06\/LosColoresDelVolca\u0301n--300x104.jpg 300w, http:\/\/rac-ciencias.org\/wp\/wp-content\/uploads\/2022\/06\/LosColoresDelVolca\u0301n--768x266.jpg 768w, http:\/\/rac-ciencias.org\/wp\/wp-content\/uploads\/2022\/06\/LosColoresDelVolca\u0301n--1536x531.jpg 1536w, http:\/\/rac-ciencias.org\/wp\/wp-content\/uploads\/2022\/06\/LosColoresDelVolca\u0301n-.jpg 2000w\" sizes=\"auto, (max-width: 517px) 100vw, 517px\" \/><figcaption>Los colores del Volc\u00e1n<\/figcaption><\/figure>\n<\/div>\n\n\n<p>24.06.2022 (d\u00eda de San Juan), La Laguna.<\/p>\n\n\n\n<p class=\"has-vivid-red-color has-text-color\">La Real Academia Canaria de Ciencias presenta un <\/p>\n\n\n\n<p class=\"has-text-align-center has-vivid-red-color has-text-color has-medium-font-size\"><strong>Seminario sobre Volcanolog\u00eda en Canarias<\/strong> <\/p>\n\n\n\n<p class=\"has-text-align-left has-vivid-red-color has-text-color\">que se celebrar\u00e1 a las 12:00 h, en la Sala de Grados de la 4\u00aa planta del edificio de la Secci\u00f3n de Matem\u00e1ticas y F\u00edsica de la Facultad de Ciencias de la Universidad de La Laguna.<\/p>\n","protected":false},"excerpt":{"rendered":"<p>24.06.2022 (d\u00eda de San Juan), La Laguna. La Real Academia Canaria de Ciencias presenta un Seminario sobre Volcanolog\u00eda en Canarias que se celebrar\u00e1 a las 12:00 h, en la Sala de Grados de la 4\u00aa planta del edificio de la Secci\u00f3n de Matem\u00e1ticas y F\u00edsica de la Facultad de Ciencias de la Universidad de La [&hellip;]<\/p>\n","protected":false},"author":1,"featured_media":0,"comment_status":"open","ping_status":"open","sticky":false,"template":"","format":"standard","meta":{"footnotes":""},"categories":[1],"tags":[],"class_list":["post-2010","post","type-post","status-publish","format-standard","hentry","category-uncategorized"],"_links":{"self":[{"href":"http:\/\/rac-ciencias.org\/wp\/index.php?rest_route=\/wp\/v2\/posts\/2010","targetHints":{"allow":["GET"]}}],"collection":[{"href":"http:\/\/rac-ciencias.org\/wp\/index.php?rest_route=\/wp\/v2\/posts"}],"about":[{"href":"http:\/\/rac-ciencias.org\/wp\/index.php?rest_route=\/wp\/v2\/types\/post"}],"author":[{"embeddable":true,"href":"http:\/\/rac-ciencias.org\/wp\/index.php?rest_route=\/wp\/v2\/users\/1"}],"replies":[{"embeddable":true,"href":"http:\/\/rac-ciencias.org\/wp\/index.php?rest_route=%2Fwp%2Fv2%2Fcomments&post=2010"}],"version-history":[{"count":4,"href":"http:\/\/rac-ciencias.org\/wp\/index.php?rest_route=\/wp\/v2\/posts\/2010\/revisions"}],"predecessor-version":[{"id":2015,"href":"http:\/\/rac-ciencias.org\/wp\/index.php?rest_route=\/wp\/v2\/posts\/2010\/revisions\/2015"}],"wp:attachment":[{"href":"http:\/\/rac-ciencias.org\/wp\/index.php?rest_route=%2Fwp%2Fv2%2Fmedia&parent=2010"}],"wp:term":[{"taxonomy":"category","embeddable":true,"href":"http:\/\/rac-ciencias.org\/wp\/index.php?rest_route=%2Fwp%2Fv2%2Fcategories&post=2010"},{"taxonomy":"post_tag","embeddable":true,"href":"http:\/\/rac-ciencias.org\/wp\/index.php?rest_route=%2Fwp%2Fv2%2Ftags&post=2010"}],"curies":[{"name":"wp","href":"https:\/\/api.w.org\/{rel}","templated":true}]}}