{"id":2017,"date":"2022-09-16T08:26:11","date_gmt":"2022-09-16T07:26:11","guid":{"rendered":"http:\/\/rac-ciencias.org\/wp\/?p=2017"},"modified":"2022-12-23T11:15:17","modified_gmt":"2022-12-23T11:15:17","slug":"centenario-del-prof-nacere-hayek","status":"publish","type":"post","link":"http:\/\/rac-ciencias.org\/wp\/?p=2017","title":{"rendered":"Centenario del Profesor Don N\u00e1cere Hayek"},"content":{"rendered":"<div class=\"wp-block-image\">\n<figure class=\"aligncenter size-large\"><img loading=\"lazy\" decoding=\"async\" width=\"1024\" height=\"432\" src=\"http:\/\/rac-ciencias.org\/wp\/wp-content\/uploads\/2022\/09\/Hayek100-1024x432.png\" alt=\"\" class=\"wp-image-2078\" srcset=\"http:\/\/rac-ciencias.org\/wp\/wp-content\/uploads\/2022\/09\/Hayek100-1024x432.png 1024w, http:\/\/rac-ciencias.org\/wp\/wp-content\/uploads\/2022\/09\/Hayek100-300x126.png 300w, http:\/\/rac-ciencias.org\/wp\/wp-content\/uploads\/2022\/09\/Hayek100-768x324.png 768w, http:\/\/rac-ciencias.org\/wp\/wp-content\/uploads\/2022\/09\/Hayek100.png 1302w\" sizes=\"auto, (max-width: 1024px) 100vw, 1024px\" \/><figcaption class=\"wp-element-caption\">N\u00e1cere Hayek Calil (1922-1912), matem\u00e1tico<\/figcaption><\/figure>\n<\/div>\n\n\n<p>La Laguna, 15 de Septiembre de 2021.<\/p>\n\n\n\n<p><strong>Acto conmemorativo del Centenario del nacimiento del profesor N\u00e1cere Hayek Calil<\/strong>, a las&nbsp;<strong>11:30 horas<\/strong>, en el&nbsp;<strong>Aula Magna<\/strong>&nbsp;de las Secciones de F\u00edsica y Matem\u00e1ticas de la Facultad de Ciencias de la ULL y en la plaza delante de ella, cuyo nombre es el del Prof Hayek.<\/p>\n\n\n\n<p>El acto fue presidido por la Sra. Rectora de la ULL, interviniendo adem\u00e1s la Decana de la Facultad de Ciencias, <strong>el profesor y Acad\u00e9mico de la RACC Jos\u00e9 Manuel M\u00e9ndez P\u00e9rez<\/strong>, as\u00ed como el profesor y ex-Rector Antonio Martin\u00f3n Cejas.&nbsp;<\/p>\n\n\n\n<p>El Profesor Hayek (1922-1912) fue el impulsor y primer Director de esta Real Academia, activa desde 1987.<\/p>\n","protected":false},"excerpt":{"rendered":"<p>La Laguna, 15 de Septiembre de 2021. Acto conmemorativo del Centenario del nacimiento del profesor N\u00e1cere Hayek Calil, a las&nbsp;11:30 horas, en el&nbsp;Aula Magna&nbsp;de las Secciones de F\u00edsica y Matem\u00e1ticas de la Facultad de Ciencias de la ULL y en la plaza delante de ella, cuyo nombre es el del Prof Hayek. El acto fue [&hellip;]<\/p>\n","protected":false},"author":1,"featured_media":0,"comment_status":"open","ping_status":"open","sticky":false,"template":"","format":"standard","meta":{"footnotes":""},"categories":[1],"tags":[],"class_list":["post-2017","post","type-post","status-publish","format-standard","hentry","category-uncategorized"],"_links":{"self":[{"href":"http:\/\/rac-ciencias.org\/wp\/index.php?rest_route=\/wp\/v2\/posts\/2017","targetHints":{"allow":["GET"]}}],"collection":[{"href":"http:\/\/rac-ciencias.org\/wp\/index.php?rest_route=\/wp\/v2\/posts"}],"about":[{"href":"http:\/\/rac-ciencias.org\/wp\/index.php?rest_route=\/wp\/v2\/types\/post"}],"author":[{"embeddable":true,"href":"http:\/\/rac-ciencias.org\/wp\/index.php?rest_route=\/wp\/v2\/users\/1"}],"replies":[{"embeddable":true,"href":"http:\/\/rac-ciencias.org\/wp\/index.php?rest_route=%2Fwp%2Fv2%2Fcomments&post=2017"}],"version-history":[{"count":7,"href":"http:\/\/rac-ciencias.org\/wp\/index.php?rest_route=\/wp\/v2\/posts\/2017\/revisions"}],"predecessor-version":[{"id":2081,"href":"http:\/\/rac-ciencias.org\/wp\/index.php?rest_route=\/wp\/v2\/posts\/2017\/revisions\/2081"}],"wp:attachment":[{"href":"http:\/\/rac-ciencias.org\/wp\/index.php?rest_route=%2Fwp%2Fv2%2Fmedia&parent=2017"}],"wp:term":[{"taxonomy":"category","embeddable":true,"href":"http:\/\/rac-ciencias.org\/wp\/index.php?rest_route=%2Fwp%2Fv2%2Fcategories&post=2017"},{"taxonomy":"post_tag","embeddable":true,"href":"http:\/\/rac-ciencias.org\/wp\/index.php?rest_route=%2Fwp%2Fv2%2Ftags&post=2017"}],"curies":[{"name":"wp","href":"https:\/\/api.w.org\/{rel}","templated":true}]}}