{"id":2162,"date":"2023-04-17T18:02:31","date_gmt":"2023-04-17T17:02:31","guid":{"rendered":"http:\/\/rac-ciencias.org\/wp\/?p=2162"},"modified":"2023-05-20T18:32:15","modified_gmt":"2023-05-20T17:32:15","slug":"ingreso-en-racc","status":"publish","type":"post","link":"http:\/\/rac-ciencias.org\/wp\/?p=2162","title":{"rendered":"Ingreso del Dr Fernando Hdez Guarch en la RACC"},"content":{"rendered":"<div class=\"wp-block-image\">\n<figure class=\"aligncenter size-large is-resized\"><img loading=\"lazy\" decoding=\"async\" src=\"http:\/\/rac-ciencias.org\/wp\/wp-content\/uploads\/2023\/04\/HBF2019-1024x336.png\" alt=\"\" class=\"wp-image-2163\" width=\"794\" height=\"260\" srcset=\"http:\/\/rac-ciencias.org\/wp\/wp-content\/uploads\/2023\/04\/HBF2019-1024x336.png 1024w, http:\/\/rac-ciencias.org\/wp\/wp-content\/uploads\/2023\/04\/HBF2019-300x98.png 300w, http:\/\/rac-ciencias.org\/wp\/wp-content\/uploads\/2023\/04\/HBF2019-768x252.png 768w, http:\/\/rac-ciencias.org\/wp\/wp-content\/uploads\/2023\/04\/HBF2019.png 1514w\" sizes=\"auto, (max-width: 794px) 100vw, 794px\" \/><\/figure>\n<\/div>\n\n\n<p>Las Palmas de Gran Canaria, 21 de Abril de 2023, en la Biblioteca P\u00fablica del Estado de Las Palmas de Gran Canaria, a las 18:00, ingreso en la RACC del <strong>Dr D Fernando Hern\u00e1ndez Guarch<\/strong> como Acad\u00e9mico Colaborador, presentado por el Acad\u00e9mico de N\u00famero Dr D Jos\u00e9 Regidor Garc\u00eda. <\/p>\n\n\n\n<p class=\"has-text-align-center\"><a href=\"http:\/\/rac-ciencias.org\/wp\/wp-content\/uploads\/2023\/04\/DiscursoGuarch.pdf\">Su discurso de ingreso vers\u00f3 sobre<\/a><\/p>\n\n\n\n<p class=\"has-text-align-center has-vivid-red-color has-text-color has-large-font-size\"><strong>Distancia entre Sociedad y Ciencia<\/strong><\/p>\n\n\n\n<p>Fue contestado por el Dr Regidor.  <a href=\"http:\/\/rac-ciencias.org\/wp\/wp-content\/uploads\/2023\/04\/Guarch-2.png\">Aqu\u00ed, una fotograf\u00eda<\/a> con algunos acad\u00e9micos, tras el acto. En <a href=\"http:\/\/rac-ciencias.org\/wp\/wp-content\/uploads\/2023\/04\/Guarch2.png\">esta otra fotograf\u00eda,<\/a> Hdez Guarch (izq) con Daniel Alonso y Jos\u00e9 Regidor<\/p>\n\n\n\n<p class=\"has-small-font-size\"><\/p>\n\n\n\n<p><\/p>\n\n\n\n<p><\/p>\n","protected":false},"excerpt":{"rendered":"<p>Las Palmas de Gran Canaria, 21 de Abril de 2023, en la Biblioteca P\u00fablica del Estado de Las Palmas de Gran Canaria, a las 18:00, ingreso en la RACC del Dr D Fernando Hern\u00e1ndez Guarch como Acad\u00e9mico Colaborador, presentado por el Acad\u00e9mico de N\u00famero Dr D Jos\u00e9 Regidor Garc\u00eda. Su discurso de ingreso vers\u00f3 sobre [&hellip;]<\/p>\n","protected":false},"author":1,"featured_media":0,"comment_status":"open","ping_status":"open","sticky":false,"template":"","format":"standard","meta":{"footnotes":""},"categories":[1],"tags":[],"class_list":["post-2162","post","type-post","status-publish","format-standard","hentry","category-uncategorized"],"_links":{"self":[{"href":"http:\/\/rac-ciencias.org\/wp\/index.php?rest_route=\/wp\/v2\/posts\/2162","targetHints":{"allow":["GET"]}}],"collection":[{"href":"http:\/\/rac-ciencias.org\/wp\/index.php?rest_route=\/wp\/v2\/posts"}],"about":[{"href":"http:\/\/rac-ciencias.org\/wp\/index.php?rest_route=\/wp\/v2\/types\/post"}],"author":[{"embeddable":true,"href":"http:\/\/rac-ciencias.org\/wp\/index.php?rest_route=\/wp\/v2\/users\/1"}],"replies":[{"embeddable":true,"href":"http:\/\/rac-ciencias.org\/wp\/index.php?rest_route=%2Fwp%2Fv2%2Fcomments&post=2162"}],"version-history":[{"count":16,"href":"http:\/\/rac-ciencias.org\/wp\/index.php?rest_route=\/wp\/v2\/posts\/2162\/revisions"}],"predecessor-version":[{"id":2250,"href":"http:\/\/rac-ciencias.org\/wp\/index.php?rest_route=\/wp\/v2\/posts\/2162\/revisions\/2250"}],"wp:attachment":[{"href":"http:\/\/rac-ciencias.org\/wp\/index.php?rest_route=%2Fwp%2Fv2%2Fmedia&parent=2162"}],"wp:term":[{"taxonomy":"category","embeddable":true,"href":"http:\/\/rac-ciencias.org\/wp\/index.php?rest_route=%2Fwp%2Fv2%2Fcategories&post=2162"},{"taxonomy":"post_tag","embeddable":true,"href":"http:\/\/rac-ciencias.org\/wp\/index.php?rest_route=%2Fwp%2Fv2%2Ftags&post=2162"}],"curies":[{"name":"wp","href":"https:\/\/api.w.org\/{rel}","templated":true}]}}