{"id":2321,"date":"2023-10-16T09:38:49","date_gmt":"2023-10-16T08:38:49","guid":{"rendered":"http:\/\/rac-ciencias.org\/wp\/?p=2321"},"modified":"2023-12-27T16:52:15","modified_gmt":"2023-12-27T16:52:15","slug":"conferencia-del-dr-fernandez-turiel","status":"publish","type":"post","link":"http:\/\/rac-ciencias.org\/wp\/?p=2321","title":{"rendered":"Conferencia del Dr Fern\u00e1ndez Turiel"},"content":{"rendered":"<div class=\"wp-block-image\">\n<figure class=\"aligncenter size-large is-resized\"><img loading=\"lazy\" decoding=\"async\" src=\"http:\/\/rac-ciencias.org\/wp\/wp-content\/uploads\/2023\/10\/IMG_20211119_071104-copia-1024x955.jpg\" alt=\"\" class=\"wp-image-2325\" width=\"416\" height=\"388\" srcset=\"http:\/\/rac-ciencias.org\/wp\/wp-content\/uploads\/2023\/10\/IMG_20211119_071104-copia-1024x955.jpg 1024w, http:\/\/rac-ciencias.org\/wp\/wp-content\/uploads\/2023\/10\/IMG_20211119_071104-copia-300x280.jpg 300w, http:\/\/rac-ciencias.org\/wp\/wp-content\/uploads\/2023\/10\/IMG_20211119_071104-copia-768x716.jpg 768w, http:\/\/rac-ciencias.org\/wp\/wp-content\/uploads\/2023\/10\/IMG_20211119_071104-copia-1536x1432.jpg 1536w, http:\/\/rac-ciencias.org\/wp\/wp-content\/uploads\/2023\/10\/IMG_20211119_071104-copia-2048x1909.jpg 2048w\" sizes=\"auto, (max-width: 416px) 100vw, 416px\" \/><\/figure>\n<\/div>\n\n\n<p class=\"has-vivid-cyan-blue-color has-text-color has-medium-font-size\"><strong>28.10.2023, Las Palmas de Gran Canaria.<\/strong><\/p>\n\n\n\n<p class=\"has-text-align-center has-vivid-red-color has-text-color\"><strong>A las 18:00 horas, en el Sal\u00f3n Oriente Central del Gabinete Literario de Las Palmas de Gran Canaria.<\/strong><\/p>\n\n\n\n<p class=\"has-text-align-center has-vivid-cyan-blue-color has-text-color has-medium-font-size\"><strong>Sesi\u00f3n Acad\u00e9mica de la RACC<\/strong>.<\/p>\n\n\n\n<p class=\"has-vivid-cyan-blue-color has-text-color has-medium-font-size\"><strong>Conferencia<\/strong> a cargo del <strong>Dr Jos\u00e9 Luis Fern\u00e1ndez Turiel<\/strong>, (Geociencias Consejo Superior de Investigaciones Cient\u00edficas, Barcelona):<\/p>\n\n\n\n<p class=\"has-text-align-center has-vivid-red-color has-text-color has-medium-font-size\"><strong>Repercusiones de la gran erupci\u00f3n de hace 4200 a\u00f1os en Cerro Blanco, Andes Centrales<\/strong><\/p>\n\n\n\n<p>El conferenciante, <strong>presentado por el Dr. D. Francisco Jos\u00e9 P\u00e9rez Torrado, Acad\u00e9mico Numerario de la RACC<\/strong> y profesor de la Universidad de Las Palmas de Gran Canaria.<\/p>\n\n\n\n<p>Puede verse en <strong><a rel=\"noreferrer noopener\" href=\"http:\/\/hdl.handle.net\/10553\/127925\" target=\"_blank\">http:\/\/hdl.handle.net\/10553\/127925<\/a><\/strong><\/p>\n","protected":false},"excerpt":{"rendered":"<p>28.10.2023, Las Palmas de Gran Canaria. A las 18:00 horas, en el Sal\u00f3n Oriente Central del Gabinete Literario de Las Palmas de Gran Canaria. Sesi\u00f3n Acad\u00e9mica de la RACC. Conferencia a cargo del Dr Jos\u00e9 Luis Fern\u00e1ndez Turiel, (Geociencias Consejo Superior de Investigaciones Cient\u00edficas, Barcelona): Repercusiones de la gran erupci\u00f3n de hace 4200 a\u00f1os en [&hellip;]<\/p>\n","protected":false},"author":1,"featured_media":0,"comment_status":"open","ping_status":"open","sticky":false,"template":"","format":"standard","meta":{"footnotes":""},"categories":[1],"tags":[],"class_list":["post-2321","post","type-post","status-publish","format-standard","hentry","category-uncategorized"],"_links":{"self":[{"href":"http:\/\/rac-ciencias.org\/wp\/index.php?rest_route=\/wp\/v2\/posts\/2321","targetHints":{"allow":["GET"]}}],"collection":[{"href":"http:\/\/rac-ciencias.org\/wp\/index.php?rest_route=\/wp\/v2\/posts"}],"about":[{"href":"http:\/\/rac-ciencias.org\/wp\/index.php?rest_route=\/wp\/v2\/types\/post"}],"author":[{"embeddable":true,"href":"http:\/\/rac-ciencias.org\/wp\/index.php?rest_route=\/wp\/v2\/users\/1"}],"replies":[{"embeddable":true,"href":"http:\/\/rac-ciencias.org\/wp\/index.php?rest_route=%2Fwp%2Fv2%2Fcomments&post=2321"}],"version-history":[{"count":5,"href":"http:\/\/rac-ciencias.org\/wp\/index.php?rest_route=\/wp\/v2\/posts\/2321\/revisions"}],"predecessor-version":[{"id":2420,"href":"http:\/\/rac-ciencias.org\/wp\/index.php?rest_route=\/wp\/v2\/posts\/2321\/revisions\/2420"}],"wp:attachment":[{"href":"http:\/\/rac-ciencias.org\/wp\/index.php?rest_route=%2Fwp%2Fv2%2Fmedia&parent=2321"}],"wp:term":[{"taxonomy":"category","embeddable":true,"href":"http:\/\/rac-ciencias.org\/wp\/index.php?rest_route=%2Fwp%2Fv2%2Fcategories&post=2321"},{"taxonomy":"post_tag","embeddable":true,"href":"http:\/\/rac-ciencias.org\/wp\/index.php?rest_route=%2Fwp%2Fv2%2Ftags&post=2321"}],"curies":[{"name":"wp","href":"https:\/\/api.w.org\/{rel}","templated":true}]}}