{"id":2442,"date":"2024-01-19T09:56:18","date_gmt":"2024-01-19T09:56:18","guid":{"rendered":"http:\/\/rac-ciencias.org\/wp\/?p=2442"},"modified":"2024-01-19T09:56:18","modified_gmt":"2024-01-19T09:56:18","slug":"conferencia-de-clausura-del-ano-academico-2023","status":"publish","type":"post","link":"http:\/\/rac-ciencias.org\/wp\/?p=2442","title":{"rendered":"Conferencia de clausura del a\u00f1o acad\u00e9mico 2023"},"content":{"rendered":"<div class=\"wp-block-image\">\n<figure class=\"aligncenter size-large is-resized\"><img loading=\"lazy\" decoding=\"async\" src=\"http:\/\/rac-ciencias.org\/wp\/wp-content\/uploads\/2024\/01\/Galaxia-1024x366.jpg\" alt=\"\" class=\"wp-image-2443\" width=\"666\" height=\"238\" srcset=\"http:\/\/rac-ciencias.org\/wp\/wp-content\/uploads\/2024\/01\/Galaxia-1024x366.jpg 1024w, http:\/\/rac-ciencias.org\/wp\/wp-content\/uploads\/2024\/01\/Galaxia-300x107.jpg 300w, http:\/\/rac-ciencias.org\/wp\/wp-content\/uploads\/2024\/01\/Galaxia-768x275.jpg 768w, http:\/\/rac-ciencias.org\/wp\/wp-content\/uploads\/2024\/01\/Galaxia-1536x550.jpg 1536w, http:\/\/rac-ciencias.org\/wp\/wp-content\/uploads\/2024\/01\/Galaxia-2048x733.jpg 2048w\" sizes=\"auto, (max-width: 666px) 100vw, 666px\" \/><\/figure>\n<\/div>\n\n\n<p>25.01.2024, La Laguna. A las 18:30, en el Sal\u00f3n de Grados (5\u00aa planta) del Edificio de Matem\u00e1ticas y F\u00edsica de la ULL. <\/p>\n\n\n\n<p class=\"has-text-align-center has-vivid-red-color has-text-color has-medium-font-size\"><strong>Sesi\u00f3n de clausura del curso 2023<\/strong><\/p>\n\n\n\n<p>I. Presentaci\u00f3n de la conferencia final del curso,  a cargo del Ilmo. Sr. Dr. D. Teodoro Roca Cort\u00e9s, Acad\u00e9mico Numerario de la RACC.\u00a0 <\/p>\n\n\n\n<p>II. Conferencia del Ilmo. Prof. Dr. D. John E. Beckman, investigador ad honorem del Instituto de Astrof\u00edsica de Canarias y Doctor Honoris Causa por la Universidad de La Laguna, titulada <\/p>\n\n\n\n<p class=\"has-text-align-center has-vivid-red-color has-text-color has-large-font-size\"><strong>Resonancias en las galaxias espirales<\/strong><\/p>\n","protected":false},"excerpt":{"rendered":"<p>25.01.2024, La Laguna. A las 18:30, en el Sal\u00f3n de Grados (5\u00aa planta) del Edificio de Matem\u00e1ticas y F\u00edsica de la ULL. Sesi\u00f3n de clausura del curso 2023 I. Presentaci\u00f3n de la conferencia final del curso, a cargo del Ilmo. Sr. Dr. D. Teodoro Roca Cort\u00e9s, Acad\u00e9mico Numerario de la RACC.\u00a0 II. Conferencia del Ilmo. [&hellip;]<\/p>\n","protected":false},"author":1,"featured_media":0,"comment_status":"open","ping_status":"open","sticky":false,"template":"","format":"standard","meta":{"footnotes":""},"categories":[1],"tags":[],"class_list":["post-2442","post","type-post","status-publish","format-standard","hentry","category-uncategorized"],"_links":{"self":[{"href":"http:\/\/rac-ciencias.org\/wp\/index.php?rest_route=\/wp\/v2\/posts\/2442","targetHints":{"allow":["GET"]}}],"collection":[{"href":"http:\/\/rac-ciencias.org\/wp\/index.php?rest_route=\/wp\/v2\/posts"}],"about":[{"href":"http:\/\/rac-ciencias.org\/wp\/index.php?rest_route=\/wp\/v2\/types\/post"}],"author":[{"embeddable":true,"href":"http:\/\/rac-ciencias.org\/wp\/index.php?rest_route=\/wp\/v2\/users\/1"}],"replies":[{"embeddable":true,"href":"http:\/\/rac-ciencias.org\/wp\/index.php?rest_route=%2Fwp%2Fv2%2Fcomments&post=2442"}],"version-history":[{"count":1,"href":"http:\/\/rac-ciencias.org\/wp\/index.php?rest_route=\/wp\/v2\/posts\/2442\/revisions"}],"predecessor-version":[{"id":2444,"href":"http:\/\/rac-ciencias.org\/wp\/index.php?rest_route=\/wp\/v2\/posts\/2442\/revisions\/2444"}],"wp:attachment":[{"href":"http:\/\/rac-ciencias.org\/wp\/index.php?rest_route=%2Fwp%2Fv2%2Fmedia&parent=2442"}],"wp:term":[{"taxonomy":"category","embeddable":true,"href":"http:\/\/rac-ciencias.org\/wp\/index.php?rest_route=%2Fwp%2Fv2%2Fcategories&post=2442"},{"taxonomy":"post_tag","embeddable":true,"href":"http:\/\/rac-ciencias.org\/wp\/index.php?rest_route=%2Fwp%2Fv2%2Ftags&post=2442"}],"curies":[{"name":"wp","href":"https:\/\/api.w.org\/{rel}","templated":true}]}}