{"id":2455,"date":"2024-02-21T17:33:51","date_gmt":"2024-02-21T17:33:51","guid":{"rendered":"https:\/\/rac-ciencias.org\/wp\/?p=2455"},"modified":"2024-02-21T17:58:35","modified_gmt":"2024-02-21T17:58:35","slug":"conferencia-inaugural-del-ano-academico-2024","status":"publish","type":"post","link":"http:\/\/rac-ciencias.org\/wp\/?p=2455","title":{"rendered":"2024 con \u00abuna visi\u00f3n inc\u00f3moda&#8230;\u00bb"},"content":{"rendered":"\n<figure class=\"wp-block-image size-large\"><img loading=\"lazy\" decoding=\"async\" width=\"1024\" height=\"370\" src=\"https:\/\/rac-ciencias.org\/wp\/wp-content\/uploads\/2024\/02\/DSCF2872-copia-1024x370.jpg\" alt=\"\" class=\"wp-image-2459\" srcset=\"http:\/\/rac-ciencias.org\/wp\/wp-content\/uploads\/2024\/02\/DSCF2872-copia-1024x370.jpg 1024w, http:\/\/rac-ciencias.org\/wp\/wp-content\/uploads\/2024\/02\/DSCF2872-copia-300x108.jpg 300w, http:\/\/rac-ciencias.org\/wp\/wp-content\/uploads\/2024\/02\/DSCF2872-copia-768x277.jpg 768w, http:\/\/rac-ciencias.org\/wp\/wp-content\/uploads\/2024\/02\/DSCF2872-copia.jpg 1221w\" sizes=\"auto, (max-width: 1024px) 100vw, 1024px\" \/><\/figure>\n\n\n\n<p class=\"has-text-align-center\">&nbsp;La Laguna, 9 de Febrero de 2024, 12:00 horas.<\/p>\n\n\n\n<p class=\"has-text-align-center\">Aula Magna Blas Cabrera (Facultad de Ciencias de la ULL).&nbsp;<\/p>\n\n\n\n<p class=\"has-text-align-center has-vivid-cyan-blue-color has-text-color has-large-font-size\"><strong>Acto inaugural del Curso 2024\u00a0<\/strong><\/p>\n\n\n\n<p class=\"has-text-align-center\">Presentaci\u00f3n por el Ilmo. Sr. Dr. D. <strong>V\u00edctor Sotero Mart\u00edn Garc\u00eda<\/strong>, Acad\u00e9mico de N\u00famero de la RACC, del Prof. Dr. D. <strong>Miguel A. Sierra<\/strong>, Catedr\u00e1tico de Qu\u00edmica Org\u00e1nica de la Universidad Complutense de Madrid, director del grupo de Qu\u00edmica Bio-Organomet\u00e1lica y del Centro de Investigaci\u00f3n en Qu\u00edmica Avanzada (CINQA-ORFEO) de la UCM.<\/p>\n\n\n\n<p class=\"has-text-align-center\">Conferencia a cargo del <strong>Dr. Sierra<\/strong>:\u00a0<\/p>\n\n\n\n<p class=\"has-text-align-center has-vivid-red-color has-text-color has-medium-font-size\"><strong>Una visi\u00f3n inc\u00f3moda de la pol\u00edtica medioambiental&nbsp;<\/strong><\/p>\n","protected":false},"excerpt":{"rendered":"<p>&nbsp;La Laguna, 9 de Febrero de 2024, 12:00 horas. Aula Magna Blas Cabrera (Facultad de Ciencias de la ULL).&nbsp; Acto inaugural del Curso 2024\u00a0 Presentaci\u00f3n por el Ilmo. Sr. Dr. D. V\u00edctor Sotero Mart\u00edn Garc\u00eda, Acad\u00e9mico de N\u00famero de la RACC, del Prof. Dr. D. Miguel A. Sierra, Catedr\u00e1tico de Qu\u00edmica Org\u00e1nica de la Universidad [&hellip;]<\/p>\n","protected":false},"author":1,"featured_media":0,"comment_status":"open","ping_status":"open","sticky":false,"template":"","format":"standard","meta":{"footnotes":""},"categories":[1],"tags":[],"class_list":["post-2455","post","type-post","status-publish","format-standard","hentry","category-uncategorized"],"_links":{"self":[{"href":"http:\/\/rac-ciencias.org\/wp\/index.php?rest_route=\/wp\/v2\/posts\/2455","targetHints":{"allow":["GET"]}}],"collection":[{"href":"http:\/\/rac-ciencias.org\/wp\/index.php?rest_route=\/wp\/v2\/posts"}],"about":[{"href":"http:\/\/rac-ciencias.org\/wp\/index.php?rest_route=\/wp\/v2\/types\/post"}],"author":[{"embeddable":true,"href":"http:\/\/rac-ciencias.org\/wp\/index.php?rest_route=\/wp\/v2\/users\/1"}],"replies":[{"embeddable":true,"href":"http:\/\/rac-ciencias.org\/wp\/index.php?rest_route=%2Fwp%2Fv2%2Fcomments&post=2455"}],"version-history":[{"count":7,"href":"http:\/\/rac-ciencias.org\/wp\/index.php?rest_route=\/wp\/v2\/posts\/2455\/revisions"}],"predecessor-version":[{"id":2464,"href":"http:\/\/rac-ciencias.org\/wp\/index.php?rest_route=\/wp\/v2\/posts\/2455\/revisions\/2464"}],"wp:attachment":[{"href":"http:\/\/rac-ciencias.org\/wp\/index.php?rest_route=%2Fwp%2Fv2%2Fmedia&parent=2455"}],"wp:term":[{"taxonomy":"category","embeddable":true,"href":"http:\/\/rac-ciencias.org\/wp\/index.php?rest_route=%2Fwp%2Fv2%2Fcategories&post=2455"},{"taxonomy":"post_tag","embeddable":true,"href":"http:\/\/rac-ciencias.org\/wp\/index.php?rest_route=%2Fwp%2Fv2%2Ftags&post=2455"}],"curies":[{"name":"wp","href":"https:\/\/api.w.org\/{rel}","templated":true}]}}