{"id":2474,"date":"2024-03-20T17:54:38","date_gmt":"2024-03-20T17:54:38","guid":{"rendered":"http:\/\/rac-ciencias.org\/wp\/?p=2474"},"modified":"2024-04-05T11:03:42","modified_gmt":"2024-04-05T10:03:42","slug":"quimica-y-mas","status":"publish","type":"post","link":"http:\/\/rac-ciencias.org\/wp\/?p=2474","title":{"rendered":"Qu\u00edmica, &#8230; y m\u00e1s"},"content":{"rendered":"<div class=\"wp-block-image\">\n<figure class=\"aligncenter size-full is-resized\"><img loading=\"lazy\" decoding=\"async\" src=\"http:\/\/rac-ciencias.org\/wp\/wp-content\/uploads\/2024\/03\/matraz.png\" alt=\"\" class=\"wp-image-2478\" width=\"774\" height=\"140\" srcset=\"http:\/\/rac-ciencias.org\/wp\/wp-content\/uploads\/2024\/03\/matraz.png 531w, http:\/\/rac-ciencias.org\/wp\/wp-content\/uploads\/2024\/03\/matraz-300x54.png 300w\" sizes=\"auto, (max-width: 774px) 100vw, 774px\" \/><\/figure>\n<\/div>\n\n\n<p><\/p>\n\n\n\n<p>Las Palmas de GC, 11 y 12 de Abril de 2024, en el Museo Elder, <\/p>\n\n\n\n<p class=\"has-text-align-center has-vivid-red-color has-text-color has-medium-font-size\"><strong>Jornadas de divulgaci\u00f3n de la Qu\u00edmica&nbsp;<\/strong> <\/p>\n\n\n\n<p class=\"has-text-align-center has-black-color has-text-color\">organizadas por nuestro compa\u00f1ero Acad\u00e9mico de n\u00famero, el  Dr. D. Jos\u00e9 Juan Santana, con el patrocinio de la <strong>RACC<\/strong>.<strong> <\/strong><\/p>\n\n\n\n<p class=\"has-text-align-center has-vivid-cyan-blue-color has-text-color\"><a href=\"http:\/\/rac-ciencias.org\/wp\/wp-content\/uploads\/2024\/03\/QUIMICA.pdf\"><strong>Vea aqu\u00ed el cartel anunciador<\/strong>.<\/a><\/p>\n\n\n\n<pre class=\"wp-block-code has-medium-font-size\"><code>Lean tambi\u00e9n <a href=\"http:\/\/rac-ciencias.org\/wp\/wp-content\/uploads\/2024\/04\/PEPEJUAN.pdf\">AQU\u00cd<\/a> al  Profesor Jos\u00e9 Juan Santana en un art\u00edculo sobre <strong>CONTAMINANTES EMERGENTES<\/strong>\n\n<\/code><\/pre>\n","protected":false},"excerpt":{"rendered":"<p>Las Palmas de GC, 11 y 12 de Abril de 2024, en el Museo Elder, Jornadas de divulgaci\u00f3n de la Qu\u00edmica&nbsp; organizadas por nuestro compa\u00f1ero Acad\u00e9mico de n\u00famero, el Dr. D. Jos\u00e9 Juan Santana, con el patrocinio de la RACC. Vea aqu\u00ed el cartel anunciador.<\/p>\n","protected":false},"author":1,"featured_media":0,"comment_status":"open","ping_status":"open","sticky":false,"template":"","format":"standard","meta":{"footnotes":""},"categories":[1],"tags":[],"class_list":["post-2474","post","type-post","status-publish","format-standard","hentry","category-uncategorized"],"_links":{"self":[{"href":"http:\/\/rac-ciencias.org\/wp\/index.php?rest_route=\/wp\/v2\/posts\/2474","targetHints":{"allow":["GET"]}}],"collection":[{"href":"http:\/\/rac-ciencias.org\/wp\/index.php?rest_route=\/wp\/v2\/posts"}],"about":[{"href":"http:\/\/rac-ciencias.org\/wp\/index.php?rest_route=\/wp\/v2\/types\/post"}],"author":[{"embeddable":true,"href":"http:\/\/rac-ciencias.org\/wp\/index.php?rest_route=\/wp\/v2\/users\/1"}],"replies":[{"embeddable":true,"href":"http:\/\/rac-ciencias.org\/wp\/index.php?rest_route=%2Fwp%2Fv2%2Fcomments&post=2474"}],"version-history":[{"count":12,"href":"http:\/\/rac-ciencias.org\/wp\/index.php?rest_route=\/wp\/v2\/posts\/2474\/revisions"}],"predecessor-version":[{"id":2512,"href":"http:\/\/rac-ciencias.org\/wp\/index.php?rest_route=\/wp\/v2\/posts\/2474\/revisions\/2512"}],"wp:attachment":[{"href":"http:\/\/rac-ciencias.org\/wp\/index.php?rest_route=%2Fwp%2Fv2%2Fmedia&parent=2474"}],"wp:term":[{"taxonomy":"category","embeddable":true,"href":"http:\/\/rac-ciencias.org\/wp\/index.php?rest_route=%2Fwp%2Fv2%2Fcategories&post=2474"},{"taxonomy":"post_tag","embeddable":true,"href":"http:\/\/rac-ciencias.org\/wp\/index.php?rest_route=%2Fwp%2Fv2%2Ftags&post=2474"}],"curies":[{"name":"wp","href":"https:\/\/api.w.org\/{rel}","templated":true}]}}