{"id":2484,"date":"2024-03-21T12:38:47","date_gmt":"2024-03-21T12:38:47","guid":{"rendered":"http:\/\/rac-ciencias.org\/wp\/?p=2484"},"modified":"2024-03-21T12:55:27","modified_gmt":"2024-03-21T12:55:27","slug":"junta-general-extraordinaria","status":"publish","type":"post","link":"http:\/\/rac-ciencias.org\/wp\/?p=2484","title":{"rendered":"Junta General EXTRAORDINARIA"},"content":{"rendered":"\n<figure class=\"wp-block-image size-large\"><img loading=\"lazy\" decoding=\"async\" width=\"1024\" height=\"223\" src=\"http:\/\/rac-ciencias.org\/wp\/wp-content\/uploads\/2024\/03\/JJJUNTA-1024x223.jpg\" alt=\"\" class=\"wp-image-2487\" srcset=\"http:\/\/rac-ciencias.org\/wp\/wp-content\/uploads\/2024\/03\/JJJUNTA-1024x223.jpg 1024w, http:\/\/rac-ciencias.org\/wp\/wp-content\/uploads\/2024\/03\/JJJUNTA-300x65.jpg 300w, http:\/\/rac-ciencias.org\/wp\/wp-content\/uploads\/2024\/03\/JJJUNTA-768x167.jpg 768w, http:\/\/rac-ciencias.org\/wp\/wp-content\/uploads\/2024\/03\/JJJUNTA-1536x334.jpg 1536w, http:\/\/rac-ciencias.org\/wp\/wp-content\/uploads\/2024\/03\/JJJUNTA.jpg 1543w\" sizes=\"auto, (max-width: 1024px) 100vw, 1024px\" \/><\/figure>\n\n\n\n<p>La Laguna, 3 de Abril de 2024, a las 12:15,  en el seminario de la cuarta planta del edificio de Matem\u00e1ticas y F\u00edsica de la Facultad de Ciencias de la ULL.<\/p>\n\n\n\n<p class=\"has-text-align-center has-vivid-red-color has-text-color has-medium-font-size\"><strong>Orden del d\u00eda<\/strong><\/p>\n\n\n\n<p class=\"has-text-align-center\">Punto \u00fanico: Aprobaci\u00f3n , si procede, de las reforma de los estatutos de la RACC.<\/p>\n\n\n\n<p class=\"has-text-align-center has-medium-font-size\"><strong>Notas importantes<\/strong><\/p>\n\n\n\n<p class=\"has-vivid-red-color has-text-color has-medium-font-size\">1) Nuestros vigentes estatutos imponen que la reforma se ha de llevar a cabo, en junta general extraordinaria, con la aprobaci\u00f3n de <strong>al menos  dos terceras partes de los acad\u00e9micos numerarios.<\/strong> En caso de no acudir personalmente, se ruega  deleguen su voto en el Sr Presidente o en el Sr Secretario.<\/p>\n\n\n\n<p>2) La reforma propuesta est\u00e1 motivada, fundamentalmente, por la <strong>inclusi\u00f3n del calificativo REAL<\/strong> en el nombre de nuestra academia. La propuesta de modificaci\u00f3n incluye, adem\u00e1s otros asuntos que se refieren a la figura de <strong>acad\u00e9mico em\u00e9rito<\/strong>, al n\u00famero de <strong>acad\u00e9micos colaboradores<\/strong> (no miembros colaboradores) y que&nbsp; unifican la toma de posesi\u00f3n de acad\u00e9micos.<\/p>\n\n\n\n<p>Todo lo  referiente a la <strong>necesaria renovaci\u00f3n del logotipo<\/strong>, as\u00ed como a la adici\u00f3n de un logo 2 de car\u00e1cter m\u00e1s funcional, ya se acord\u00f3 en la junta general del 13.03.2024. <strong>Las actas de dicha reuni\u00f3n y de la junta extaraordinaria se har\u00e1n p\u00fablicas conjuntamente<\/strong> en esta p\u00e1gina web.<\/p>\n\n\n\n<p>El enlace para asistir en l\u00ednea es: <a rel=\"noreferrer noopener\" href=\"https:\/\/urldefense.com\/v3\/__http:\/\/meet.google.com\/fiv-ydzg-yfp__;!!D9dNQwwGXtA!X525g3o8EHuLlAAD32SWpDWaf4e3JCn3M9z72k3-7Dj73JaSX9O5g1xOLveb6rgGGLnv9cXHOJDF16OmNA4v8zfoiFA$\" target=\"_blank\">meet.google.com\/fiv-ydzg-yfp<\/a><\/p>\n","protected":false},"excerpt":{"rendered":"<p>La Laguna, 3 de Abril de 2024, a las 12:15, en el seminario de la cuarta planta del edificio de Matem\u00e1ticas y F\u00edsica de la Facultad de Ciencias de la ULL. Orden del d\u00eda Punto \u00fanico: Aprobaci\u00f3n , si procede, de las reforma de los estatutos de la RACC. Notas importantes 1) Nuestros vigentes estatutos [&hellip;]<\/p>\n","protected":false},"author":1,"featured_media":0,"comment_status":"open","ping_status":"open","sticky":false,"template":"","format":"standard","meta":{"footnotes":""},"categories":[1],"tags":[],"class_list":["post-2484","post","type-post","status-publish","format-standard","hentry","category-uncategorized"],"_links":{"self":[{"href":"http:\/\/rac-ciencias.org\/wp\/index.php?rest_route=\/wp\/v2\/posts\/2484","targetHints":{"allow":["GET"]}}],"collection":[{"href":"http:\/\/rac-ciencias.org\/wp\/index.php?rest_route=\/wp\/v2\/posts"}],"about":[{"href":"http:\/\/rac-ciencias.org\/wp\/index.php?rest_route=\/wp\/v2\/types\/post"}],"author":[{"embeddable":true,"href":"http:\/\/rac-ciencias.org\/wp\/index.php?rest_route=\/wp\/v2\/users\/1"}],"replies":[{"embeddable":true,"href":"http:\/\/rac-ciencias.org\/wp\/index.php?rest_route=%2Fwp%2Fv2%2Fcomments&post=2484"}],"version-history":[{"count":3,"href":"http:\/\/rac-ciencias.org\/wp\/index.php?rest_route=\/wp\/v2\/posts\/2484\/revisions"}],"predecessor-version":[{"id":2488,"href":"http:\/\/rac-ciencias.org\/wp\/index.php?rest_route=\/wp\/v2\/posts\/2484\/revisions\/2488"}],"wp:attachment":[{"href":"http:\/\/rac-ciencias.org\/wp\/index.php?rest_route=%2Fwp%2Fv2%2Fmedia&parent=2484"}],"wp:term":[{"taxonomy":"category","embeddable":true,"href":"http:\/\/rac-ciencias.org\/wp\/index.php?rest_route=%2Fwp%2Fv2%2Fcategories&post=2484"},{"taxonomy":"post_tag","embeddable":true,"href":"http:\/\/rac-ciencias.org\/wp\/index.php?rest_route=%2Fwp%2Fv2%2Ftags&post=2484"}],"curies":[{"name":"wp","href":"https:\/\/api.w.org\/{rel}","templated":true}]}}