{"id":2546,"date":"2024-05-14T17:39:55","date_gmt":"2024-05-14T16:39:55","guid":{"rendered":"https:\/\/rac-ciencias.org\/wp\/?p=2546"},"modified":"2024-05-14T17:39:55","modified_gmt":"2024-05-14T16:39:55","slug":"fisica-y-filosofia-del-tiempo","status":"publish","type":"post","link":"http:\/\/rac-ciencias.org\/wp\/?p=2546","title":{"rendered":"F\u00edsica y Filosof\u00eda del Tiempo"},"content":{"rendered":"<div class=\"wp-block-image\">\n<figure class=\"aligncenter size-large is-resized\"><img loading=\"lazy\" decoding=\"async\" src=\"https:\/\/rac-ciencias.org\/wp\/wp-content\/uploads\/2024\/05\/WWWWWWWW-1024x326.png\" alt=\"\" class=\"wp-image-2547\" width=\"623\" height=\"198\" srcset=\"http:\/\/rac-ciencias.org\/wp\/wp-content\/uploads\/2024\/05\/WWWWWWWW-1024x326.png 1024w, http:\/\/rac-ciencias.org\/wp\/wp-content\/uploads\/2024\/05\/WWWWWWWW-300x96.png 300w, http:\/\/rac-ciencias.org\/wp\/wp-content\/uploads\/2024\/05\/WWWWWWWW-768x245.png 768w, http:\/\/rac-ciencias.org\/wp\/wp-content\/uploads\/2024\/05\/WWWWWWWW.png 1136w\" sizes=\"auto, (max-width: 623px) 100vw, 623px\" \/><\/figure>\n<\/div>\n\n\n<p>\u00a0La Laguna, 17.05.2024. Facultad de Ciencias de la Universidad de La Laguna<\/p>\n\n\n\n<p class=\"has-text-align-center has-vivid-red-color has-text-color\">Conferencia del  Dr. Francisco Gonz\u00e1lez de Posada\u00a0<\/p>\n\n\n\n<p class=\"has-text-align-center has-vivid-red-color has-text-color\"><strong>F\u00edsica y Filosof\u00eda del tiempo: referencial y duraci\u00f3n.\u00a0<\/strong><\/p>\n\n\n\n<p>A las 12:30 horas, en el Sal\u00f3n de Grados de la 4\u00aa Planta del Edificio de las Secciones de Matem\u00e1ticas y F\u00edsica. <\/p>\n\n\n\n<p><\/p>\n","protected":false},"excerpt":{"rendered":"<p>\u00a0La Laguna, 17.05.2024. Facultad de Ciencias de la Universidad de La Laguna Conferencia del Dr. Francisco Gonz\u00e1lez de Posada\u00a0 F\u00edsica y Filosof\u00eda del tiempo: referencial y duraci\u00f3n.\u00a0 A las 12:30 horas, en el Sal\u00f3n de Grados de la 4\u00aa Planta del Edificio de las Secciones de Matem\u00e1ticas y F\u00edsica.<\/p>\n","protected":false},"author":1,"featured_media":0,"comment_status":"open","ping_status":"open","sticky":false,"template":"","format":"standard","meta":{"footnotes":""},"categories":[1],"tags":[],"class_list":["post-2546","post","type-post","status-publish","format-standard","hentry","category-uncategorized"],"_links":{"self":[{"href":"http:\/\/rac-ciencias.org\/wp\/index.php?rest_route=\/wp\/v2\/posts\/2546","targetHints":{"allow":["GET"]}}],"collection":[{"href":"http:\/\/rac-ciencias.org\/wp\/index.php?rest_route=\/wp\/v2\/posts"}],"about":[{"href":"http:\/\/rac-ciencias.org\/wp\/index.php?rest_route=\/wp\/v2\/types\/post"}],"author":[{"embeddable":true,"href":"http:\/\/rac-ciencias.org\/wp\/index.php?rest_route=\/wp\/v2\/users\/1"}],"replies":[{"embeddable":true,"href":"http:\/\/rac-ciencias.org\/wp\/index.php?rest_route=%2Fwp%2Fv2%2Fcomments&post=2546"}],"version-history":[{"count":1,"href":"http:\/\/rac-ciencias.org\/wp\/index.php?rest_route=\/wp\/v2\/posts\/2546\/revisions"}],"predecessor-version":[{"id":2548,"href":"http:\/\/rac-ciencias.org\/wp\/index.php?rest_route=\/wp\/v2\/posts\/2546\/revisions\/2548"}],"wp:attachment":[{"href":"http:\/\/rac-ciencias.org\/wp\/index.php?rest_route=%2Fwp%2Fv2%2Fmedia&parent=2546"}],"wp:term":[{"taxonomy":"category","embeddable":true,"href":"http:\/\/rac-ciencias.org\/wp\/index.php?rest_route=%2Fwp%2Fv2%2Fcategories&post=2546"},{"taxonomy":"post_tag","embeddable":true,"href":"http:\/\/rac-ciencias.org\/wp\/index.php?rest_route=%2Fwp%2Fv2%2Ftags&post=2546"}],"curies":[{"name":"wp","href":"https:\/\/api.w.org\/{rel}","templated":true}]}}