{"id":844,"date":"2017-10-30T10:04:33","date_gmt":"2017-10-30T10:04:33","guid":{"rendered":"http:\/\/rac-ciencias.org\/wp\/?p=844"},"modified":"2017-10-30T10:22:34","modified_gmt":"2017-10-30T10:22:34","slug":"ciclo-en-torno-al-agua","status":"publish","type":"post","link":"http:\/\/rac-ciencias.org\/wp\/?p=844","title":{"rendered":"Ciclo \u00abEn torno al agua\u00bb"},"content":{"rendered":"<p align=\"CENTER\"><img loading=\"lazy\" decoding=\"async\" class=\"alignnone size-full wp-image-849\" src=\"http:\/\/rac-ciencias.org\/wp\/wp-content\/uploads\/2017\/10\/LeonCastillo.jpg\" alt=\"\" width=\"805\" height=\"243\" srcset=\"http:\/\/rac-ciencias.org\/wp\/wp-content\/uploads\/2017\/10\/LeonCastillo.jpg 805w, http:\/\/rac-ciencias.org\/wp\/wp-content\/uploads\/2017\/10\/LeonCastillo-300x91.jpg 300w, http:\/\/rac-ciencias.org\/wp\/wp-content\/uploads\/2017\/10\/LeonCastillo-768x232.jpg 768w\" sizes=\"auto, (max-width: 805px) 100vw, 805px\" \/><\/p>\n<p style=\"text-align: left;\" align=\"CENTER\"><span style=\"font-family: Calibri, sans-serif;\"><span style=\"font-size: large;\"><strong>Marzo de 2018<\/strong>, Los Cristianos, dirigido por el<\/span><\/span><span style=\"font-family: Calibri, sans-serif; font-size: large;\">\u00a0Ilmo. Sr. D. Sebasti\u00e1n Delgado D\u00edaz, Acad\u00e9mico de N\u00famero:\u00a0<\/span><\/p>\n<p align=\"CENTER\"><span style=\"font-family: Calibri, sans-serif;\"><span style=\"font-size: large;\">Ciclo <\/span><\/span><span style=\"font-family: Calibri, sans-serif;\"><span style=\"font-size: large;\"><i><b>\u201cEn torno al agua\u201d<\/b><\/i><\/span><\/span><\/p>\n<p style=\"text-align: center;\"><span style=\"font-family: Calibri, sans-serif;\"><span style=\"font-size: large;\"><u>Constar\u00e1 de 8 temas a desarrollar en 4 sesiones, en horario de 18:00 a 20:00.<\/u><\/span><\/span><\/p>\n<p style=\"text-align: center;\"><span style=\"font-family: Calibri, sans-serif;\"><span style=\"font-size: large;\"><u>PROGRAMA DE TEMAS PROPUESTOS<\/u><\/span><\/span><\/p>\n<p><span style=\"font-family: Calibri, sans-serif;\"><span style=\"font-size: large;\">1.- Panorama hist\u00f3rico del agua en Canarias. <\/span><\/span><\/p>\n<p><span style=\"font-family: Calibri, sans-serif;\"><span style=\"font-size: large;\">2.- Fuentes y t\u00e9cnicas de suministro de agua en Canarias. Aguas subterr\u00e1neas y superficiales. <\/span><\/span><\/p>\n<p><span style=\"font-family: Calibri, sans-serif;\"><span style=\"font-size: large;\">3.- Tecnolog\u00edas b\u00e1sicas de potabilizaci\u00f3n de las aguas. Desalinizaci\u00f3n de agua de mar. <\/span><\/span><\/p>\n<p><span style=\"font-family: Calibri, sans-serif;\"><span style=\"font-size: large;\">4.- Calidad de las aguas. Aguas de consumo humano. Aguas de ba\u00f1o.<\/span><\/span><\/p>\n<p><span style=\"font-family: Calibri, sans-serif;\"><span style=\"font-size: large;\">5.- Aguas residuales urbanas. Procesos convencionales y avanzados de depuraci\u00f3n y regeneraci\u00f3n de las aguas residuales. <\/span><\/span><\/p>\n<p><span style=\"font-family: Calibri, sans-serif;\"><span style=\"font-size: large;\">6.- Vertido de las aguas residuales. Efectos en el terreno. Efecto en masas acu\u00e1ticas. Caracter\u00edsticas y funcionamiento de los emisarios submarinos. <\/span><\/span><\/p>\n<p><span style=\"font-family: Calibri, sans-serif;\"><span style=\"font-size: large;\">7.- Reutilizaci\u00f3n y reciclado de las aguas residuales regeneradas. <\/span><\/span><\/p>\n<p><span style=\"font-family: Calibri, sans-serif;\"><span style=\"font-size: large;\">8- El agua y la ordenaci\u00f3n del territorio. <\/span><\/span><\/p>\n<p><span style=\"font-family: Calibri, sans-serif;\"><span style=\"font-size: large;\"><u>Posibles ponentes para cada tema <\/u><\/span><\/span><\/p>\n<ol>\n<li><span style=\"font-family: Calibri, sans-serif;\"><span style=\"font-size: large;\">Miguel Angel G\u00f3mez (Dr en Historia)<\/span><\/span><\/li>\n<li><span style=\"font-family: Calibri, sans-serif;\"><span style=\"font-size: large;\">Juan Carlos Santamarta (Dr en Ingenieria Civil. Prof. ULL)<\/span><\/span><\/li>\n<li><span style=\"font-family: Calibri, sans-serif;\"><span style=\"font-size: large;\">Fernando D\u00edaz (Dr Ing Quimica. Prof. ULL)<\/span><\/span><\/li>\n<li><span style=\"font-family: Calibri, sans-serif;\"><span style=\"font-size: large;\">Macrina Mart\u00edn (Dra en Farmacia) y Esther Fierro (Servicio Canario de Salud).<\/span><\/span><\/li>\n<li><span style=\"font-family: Calibri, sans-serif;\"><span style=\"font-size: large;\">Luisa Vera (Dra Ing. Qu\u00edmica. Prof. ULL)<\/span><\/span><\/li>\n<li><span style=\"font-family: Calibri, sans-serif;\"><span style=\"font-size: small;\"><span style=\"font-size: large;\"><span lang=\"en-US\">Daniel Prats (Catedr. Ing Quim. <\/span><\/span><span style=\"font-size: large;\">Univ de Alicante)<\/span><\/span><\/span><\/li>\n<\/ol>\n<ol start=\"7\">\n<li><span style=\"font-family: Calibri, sans-serif;\"><span style=\"font-size: large;\">Sebasti\u00e1n Delgado (Catedr. Em\u00e9rito Ing Quim. ULL)<\/span><\/span><\/li>\n<\/ol>\n<ol start=\"8\">\n<li><span style=\"font-family: Calibri, sans-serif;\"><span style=\"font-size: large;\">David Santacreu (T\u00e9cnico de Aguas Municipales de Alicante)<\/span><\/span><\/li>\n<\/ol>\n","protected":false},"excerpt":{"rendered":"<p>Marzo de 2018, Los Cristianos, dirigido por el\u00a0Ilmo. Sr. D. Sebasti\u00e1n Delgado D\u00edaz, Acad\u00e9mico de N\u00famero:\u00a0 Ciclo \u201cEn torno al agua\u201d Constar\u00e1 de 8 temas a desarrollar en 4 sesiones, en horario de 18:00 a 20:00. PROGRAMA DE TEMAS PROPUESTOS 1.- Panorama hist\u00f3rico del agua en Canarias. 2.- Fuentes y t\u00e9cnicas de suministro de agua [&hellip;]<\/p>\n","protected":false},"author":1,"featured_media":0,"comment_status":"open","ping_status":"open","sticky":false,"template":"","format":"standard","meta":{"footnotes":""},"categories":[1],"tags":[],"class_list":["post-844","post","type-post","status-publish","format-standard","hentry","category-uncategorized"],"_links":{"self":[{"href":"http:\/\/rac-ciencias.org\/wp\/index.php?rest_route=\/wp\/v2\/posts\/844","targetHints":{"allow":["GET"]}}],"collection":[{"href":"http:\/\/rac-ciencias.org\/wp\/index.php?rest_route=\/wp\/v2\/posts"}],"about":[{"href":"http:\/\/rac-ciencias.org\/wp\/index.php?rest_route=\/wp\/v2\/types\/post"}],"author":[{"embeddable":true,"href":"http:\/\/rac-ciencias.org\/wp\/index.php?rest_route=\/wp\/v2\/users\/1"}],"replies":[{"embeddable":true,"href":"http:\/\/rac-ciencias.org\/wp\/index.php?rest_route=%2Fwp%2Fv2%2Fcomments&post=844"}],"version-history":[{"count":5,"href":"http:\/\/rac-ciencias.org\/wp\/index.php?rest_route=\/wp\/v2\/posts\/844\/revisions"}],"predecessor-version":[{"id":850,"href":"http:\/\/rac-ciencias.org\/wp\/index.php?rest_route=\/wp\/v2\/posts\/844\/revisions\/850"}],"wp:attachment":[{"href":"http:\/\/rac-ciencias.org\/wp\/index.php?rest_route=%2Fwp%2Fv2%2Fmedia&parent=844"}],"wp:term":[{"taxonomy":"category","embeddable":true,"href":"http:\/\/rac-ciencias.org\/wp\/index.php?rest_route=%2Fwp%2Fv2%2Fcategories&post=844"},{"taxonomy":"post_tag","embeddable":true,"href":"http:\/\/rac-ciencias.org\/wp\/index.php?rest_route=%2Fwp%2Fv2%2Ftags&post=844"}],"curies":[{"name":"wp","href":"https:\/\/api.w.org\/{rel}","templated":true}]}}