{"id":983,"date":"2018-03-29T18:06:16","date_gmt":"2018-03-29T17:06:16","guid":{"rendered":"http:\/\/rac-ciencias.org\/wp\/?p=983"},"modified":"2018-05-02T12:44:06","modified_gmt":"2018-05-02T11:44:06","slug":"reelegido-el-dr-d-jose-mendez-com-presidente-de-la-racc","status":"publish","type":"post","link":"http:\/\/rac-ciencias.org\/wp\/?p=983","title":{"rendered":"Reelegido el Dr D Jos\u00e9 M\u00e9ndez como Presidente de la RACC"},"content":{"rendered":"<p><img loading=\"lazy\" decoding=\"async\" class=\"alignnone size-large wp-image-987 aligncenter\" src=\"http:\/\/rac-ciencias.org\/wp\/wp-content\/uploads\/2018\/03\/NUBES-1024x306.jpg\" alt=\"\" width=\"690\" height=\"206\" srcset=\"http:\/\/rac-ciencias.org\/wp\/wp-content\/uploads\/2018\/03\/NUBES-1024x306.jpg 1024w, http:\/\/rac-ciencias.org\/wp\/wp-content\/uploads\/2018\/03\/NUBES-300x90.jpg 300w, http:\/\/rac-ciencias.org\/wp\/wp-content\/uploads\/2018\/03\/NUBES-768x229.jpg 768w, http:\/\/rac-ciencias.org\/wp\/wp-content\/uploads\/2018\/03\/NUBES.jpg 1086w\" sizes=\"auto, (max-width: 690px) 100vw, 690px\" \/><\/p>\n<p>El pasado 19 de Marzo, en solemne sesi\u00f3n plenaria celebrada en La Laguna, y tras la preceptiva votaci\u00f3n, fue reelegido el Acad\u00e9mico de N\u00famero Prof Dr D Jos\u00e9 M\u00e9ndez P\u00e9rez (Secci\u00f3n de Matem\u00e1ticas) como Presidente de la RACC.<\/p>\n<p>El Dr M\u00e9ndez fue el \u00fanico candidato, y antes de la votaci\u00f3n present\u00f3 su programa de mejoras para el funcionamiento de la RACC, entre ellas la adecuaci\u00f3n de la normativa en materia electoral, as\u00ed como la extensi\u00f3n de las actividades de la Academia a las diferentes Islas.<\/p>\n<p>\u00a1Enhorabuena!<\/p>\n<p>Consultar <a href=\"http:\/\/rac-ciencias.org\/wp\/wp-content\/uploads\/2018\/05\/ActaVotacio\u0301n.pdf\">aqu\u00ed el acta de la votaci\u00f3n.<\/a><\/p>\n","protected":false},"excerpt":{"rendered":"<p>El pasado 19 de Marzo, en solemne sesi\u00f3n plenaria celebrada en La Laguna, y tras la preceptiva votaci\u00f3n, fue reelegido el Acad\u00e9mico de N\u00famero Prof Dr D Jos\u00e9 M\u00e9ndez P\u00e9rez (Secci\u00f3n de Matem\u00e1ticas) como Presidente de la RACC. El Dr M\u00e9ndez fue el \u00fanico candidato, y antes de la votaci\u00f3n present\u00f3 su programa de mejoras [&hellip;]<\/p>\n","protected":false},"author":1,"featured_media":0,"comment_status":"open","ping_status":"open","sticky":false,"template":"","format":"standard","meta":{"footnotes":""},"categories":[1],"tags":[],"class_list":["post-983","post","type-post","status-publish","format-standard","hentry","category-uncategorized"],"_links":{"self":[{"href":"http:\/\/rac-ciencias.org\/wp\/index.php?rest_route=\/wp\/v2\/posts\/983","targetHints":{"allow":["GET"]}}],"collection":[{"href":"http:\/\/rac-ciencias.org\/wp\/index.php?rest_route=\/wp\/v2\/posts"}],"about":[{"href":"http:\/\/rac-ciencias.org\/wp\/index.php?rest_route=\/wp\/v2\/types\/post"}],"author":[{"embeddable":true,"href":"http:\/\/rac-ciencias.org\/wp\/index.php?rest_route=\/wp\/v2\/users\/1"}],"replies":[{"embeddable":true,"href":"http:\/\/rac-ciencias.org\/wp\/index.php?rest_route=%2Fwp%2Fv2%2Fcomments&post=983"}],"version-history":[{"count":5,"href":"http:\/\/rac-ciencias.org\/wp\/index.php?rest_route=\/wp\/v2\/posts\/983\/revisions"}],"predecessor-version":[{"id":1016,"href":"http:\/\/rac-ciencias.org\/wp\/index.php?rest_route=\/wp\/v2\/posts\/983\/revisions\/1016"}],"wp:attachment":[{"href":"http:\/\/rac-ciencias.org\/wp\/index.php?rest_route=%2Fwp%2Fv2%2Fmedia&parent=983"}],"wp:term":[{"taxonomy":"category","embeddable":true,"href":"http:\/\/rac-ciencias.org\/wp\/index.php?rest_route=%2Fwp%2Fv2%2Fcategories&post=983"},{"taxonomy":"post_tag","embeddable":true,"href":"http:\/\/rac-ciencias.org\/wp\/index.php?rest_route=%2Fwp%2Fv2%2Ftags&post=983"}],"curies":[{"name":"wp","href":"https:\/\/api.w.org\/{rel}","templated":true}]}}