{"id":1208,"date":"2019-03-10T20:18:36","date_gmt":"2019-03-10T20:18:36","guid":{"rendered":"http:\/\/rac-ciencias.org\/wp\/?p=1208"},"modified":"2019-03-22T17:46:46","modified_gmt":"2019-03-22T17:46:46","slug":"investidura-del-dr-d-avelino-corma-canos-como-academico-de-honor-de-la-racc","status":"publish","type":"post","link":"https:\/\/rac-ciencias.org\/wp\/?p=1208","title":{"rendered":"Investidura del Dr D Avelino Corma Can\u00f3s como Acad\u00e9mico de Honor de la RACC"},"content":{"rendered":"\n<div class=\"wp-block-image\"><figure class=\"aligncenter\"><img loading=\"lazy\" decoding=\"async\" width=\"1009\" height=\"472\" src=\"http:\/\/rac-ciencias.org\/wp\/wp-content\/uploads\/2019\/03\/ZQUIM.jpg\" alt=\"\" class=\"wp-image-1209\" srcset=\"https:\/\/rac-ciencias.org\/wp\/wp-content\/uploads\/2019\/03\/ZQUIM.jpg 1009w, https:\/\/rac-ciencias.org\/wp\/wp-content\/uploads\/2019\/03\/ZQUIM-300x140.jpg 300w, https:\/\/rac-ciencias.org\/wp\/wp-content\/uploads\/2019\/03\/ZQUIM-768x359.jpg 768w\" sizes=\"auto, (max-width: 1009px) 100vw, 1009px\" \/><\/figure><\/div>\n\n\n\n<p>La Laguna, 12 de Marzo de 2019, a las 7 de la tarde.  Sal\u00f3n de Actos del Consejo Consultivo de Canarias.<\/p>\n\n\n\n<p>Acto de investidura del <strong>Dr D Avelino Corma Can\u00f3s, Profesor de Investigaci\u00f3n del Instituto de Tecnolog\u00eda Qu\u00edmica (CSIC\/UPV) de Valencia <\/strong>como Acad\u00e9mico de Honor de nuestra Academia. <\/p>\n\n\n\n<p style=\"text-align:center\"><a href=\"http:\/\/rac-ciencias.org\/wp\/wp-content\/uploads\/2019\/03\/Tarjeta-Dr.-Avelino-Corma-3.pdf\">Vea aqu\u00ed la invitaci\u00f3n y programa del acto.<\/a><\/p>\n\n\n\n<p style=\"text-align:center\">Vea tambi\u00e9n dos fotograf\u00edas: <a href=\"http:\/\/rac-ciencias.org\/wp\/wp-content\/uploads\/2019\/03\/zzCORMA1.jpg\">El Dr Corma pronunciando su discurso<\/a>, y tras \u00e9l, <a href=\"http:\/\/rac-ciencias.org\/wp\/wp-content\/uploads\/2019\/03\/zzCORMA3.jpg\">acompa\u00f1ado por varios de los acad\u00e9micos presentes<\/a>.  <\/p>\n","protected":false},"excerpt":{"rendered":"<p>La Laguna, 12 de Marzo de 2019, a las 7 de la tarde. Sal\u00f3n de Actos del Consejo Consultivo de Canarias. Acto de investidura del Dr D Avelino Corma Can\u00f3s, Profesor de Investigaci\u00f3n del Instituto de Tecnolog\u00eda Qu\u00edmica (CSIC\/UPV) de Valencia como Acad\u00e9mico de Honor de nuestra Academia. Vea aqu\u00ed la invitaci\u00f3n y programa del [&hellip;]<\/p>\n","protected":false},"author":1,"featured_media":0,"comment_status":"open","ping_status":"open","sticky":false,"template":"","format":"standard","meta":{"footnotes":""},"categories":[1],"tags":[],"class_list":["post-1208","post","type-post","status-publish","format-standard","hentry","category-uncategorized"],"_links":{"self":[{"href":"https:\/\/rac-ciencias.org\/wp\/index.php?rest_route=\/wp\/v2\/posts\/1208","targetHints":{"allow":["GET"]}}],"collection":[{"href":"https:\/\/rac-ciencias.org\/wp\/index.php?rest_route=\/wp\/v2\/posts"}],"about":[{"href":"https:\/\/rac-ciencias.org\/wp\/index.php?rest_route=\/wp\/v2\/types\/post"}],"author":[{"embeddable":true,"href":"https:\/\/rac-ciencias.org\/wp\/index.php?rest_route=\/wp\/v2\/users\/1"}],"replies":[{"embeddable":true,"href":"https:\/\/rac-ciencias.org\/wp\/index.php?rest_route=%2Fwp%2Fv2%2Fcomments&post=1208"}],"version-history":[{"count":4,"href":"https:\/\/rac-ciencias.org\/wp\/index.php?rest_route=\/wp\/v2\/posts\/1208\/revisions"}],"predecessor-version":[{"id":1244,"href":"https:\/\/rac-ciencias.org\/wp\/index.php?rest_route=\/wp\/v2\/posts\/1208\/revisions\/1244"}],"wp:attachment":[{"href":"https:\/\/rac-ciencias.org\/wp\/index.php?rest_route=%2Fwp%2Fv2%2Fmedia&parent=1208"}],"wp:term":[{"taxonomy":"category","embeddable":true,"href":"https:\/\/rac-ciencias.org\/wp\/index.php?rest_route=%2Fwp%2Fv2%2Fcategories&post=1208"},{"taxonomy":"post_tag","embeddable":true,"href":"https:\/\/rac-ciencias.org\/wp\/index.php?rest_route=%2Fwp%2Fv2%2Ftags&post=1208"}],"curies":[{"name":"wp","href":"https:\/\/api.w.org\/{rel}","templated":true}]}}