{"id":1890,"date":"2022-03-03T09:38:20","date_gmt":"2022-03-03T09:38:20","guid":{"rendered":"http:\/\/rac-ciencias.org\/wp\/?p=1890"},"modified":"2022-03-03T10:24:34","modified_gmt":"2022-03-03T10:24:34","slug":"nuevos-academicos-2","status":"publish","type":"post","link":"https:\/\/rac-ciencias.org\/wp\/?p=1890","title":{"rendered":"Nuevos Acad\u00e9micos"},"content":{"rendered":"\n<div class=\"wp-block-image is-style-default\"><figure class=\"aligncenter size-large is-resized\"><img loading=\"lazy\" decoding=\"async\" src=\"http:\/\/rac-ciencias.org\/wp\/wp-content\/uploads\/2022\/03\/IMG_20220204_141229-copia-768x1024.jpg\" alt=\"\" class=\"wp-image-1894\" width=\"413\" height=\"550\" srcset=\"https:\/\/rac-ciencias.org\/wp\/wp-content\/uploads\/2022\/03\/IMG_20220204_141229-copia-768x1024.jpg 768w, https:\/\/rac-ciencias.org\/wp\/wp-content\/uploads\/2022\/03\/IMG_20220204_141229-copia-225x300.jpg 225w, https:\/\/rac-ciencias.org\/wp\/wp-content\/uploads\/2022\/03\/IMG_20220204_141229-copia-1152x1536.jpg 1152w, https:\/\/rac-ciencias.org\/wp\/wp-content\/uploads\/2022\/03\/IMG_20220204_141229-copia-1536x2048.jpg 1536w, https:\/\/rac-ciencias.org\/wp\/wp-content\/uploads\/2022\/03\/IMG_20220204_141229-copia-scaled.jpg 1920w\" sizes=\"auto, (max-width: 413px) 100vw, 413px\" \/><figcaption>Estrella Polar&#8230; (foto jmp)<\/figcaption><\/figure><\/div>\n\n\n\n<p>02.03.2022. En la sesi\u00f3n de la <strong>Junta General de la RACC<\/strong>, celebrada en el d\u00eda de hoy,, se aprob\u00f3 el ingreso en la RACC de los siguientes candidatos:<\/p>\n\n\n\n<p>Secci\u00f3n de Biolog\u00eda: <strong>Dr. D. Pedro Luis P\u00e9rez de Paz<\/strong><\/p>\n\n\n\n<p>Secci\u00f3n de Ciencias de la Tierra y del Espacio: <strong>Dr. D. Rafael Rebolo L\u00f3pez<\/strong><\/p>\n\n\n\n<p>Acad\u00e9mico Colaborador, Secci\u00f3n de Matem\u00e1ticas: <strong>Dr. D. Fernando Hern\u00e1ndez Guarch<\/strong><\/p>\n\n\n\n<p>Tambi\u00e9n se acord\u00f3 el pase del Acad\u00e9mico de N\u00famero <strong>Dr. D. ManuelV\u00e1zquez Abeledo<\/strong> desde la Secci\u00f3n de F\u00edsica a la de Ciencias de la Tierra y del Espacio<\/p>\n\n\n\n<p><\/p>\n","protected":false},"excerpt":{"rendered":"<p>02.03.2022. En la sesi\u00f3n de la Junta General de la RACC, celebrada en el d\u00eda de hoy,, se aprob\u00f3 el ingreso en la RACC de los siguientes candidatos: Secci\u00f3n de Biolog\u00eda: Dr. D. Pedro Luis P\u00e9rez de Paz Secci\u00f3n de Ciencias de la Tierra y del Espacio: Dr. D. Rafael Rebolo L\u00f3pez Acad\u00e9mico Colaborador, Secci\u00f3n [&hellip;]<\/p>\n","protected":false},"author":1,"featured_media":0,"comment_status":"open","ping_status":"open","sticky":false,"template":"","format":"standard","meta":{"footnotes":""},"categories":[1],"tags":[],"class_list":["post-1890","post","type-post","status-publish","format-standard","hentry","category-uncategorized"],"_links":{"self":[{"href":"https:\/\/rac-ciencias.org\/wp\/index.php?rest_route=\/wp\/v2\/posts\/1890","targetHints":{"allow":["GET"]}}],"collection":[{"href":"https:\/\/rac-ciencias.org\/wp\/index.php?rest_route=\/wp\/v2\/posts"}],"about":[{"href":"https:\/\/rac-ciencias.org\/wp\/index.php?rest_route=\/wp\/v2\/types\/post"}],"author":[{"embeddable":true,"href":"https:\/\/rac-ciencias.org\/wp\/index.php?rest_route=\/wp\/v2\/users\/1"}],"replies":[{"embeddable":true,"href":"https:\/\/rac-ciencias.org\/wp\/index.php?rest_route=%2Fwp%2Fv2%2Fcomments&post=1890"}],"version-history":[{"count":6,"href":"https:\/\/rac-ciencias.org\/wp\/index.php?rest_route=\/wp\/v2\/posts\/1890\/revisions"}],"predecessor-version":[{"id":1914,"href":"https:\/\/rac-ciencias.org\/wp\/index.php?rest_route=\/wp\/v2\/posts\/1890\/revisions\/1914"}],"wp:attachment":[{"href":"https:\/\/rac-ciencias.org\/wp\/index.php?rest_route=%2Fwp%2Fv2%2Fmedia&parent=1890"}],"wp:term":[{"taxonomy":"category","embeddable":true,"href":"https:\/\/rac-ciencias.org\/wp\/index.php?rest_route=%2Fwp%2Fv2%2Fcategories&post=1890"},{"taxonomy":"post_tag","embeddable":true,"href":"https:\/\/rac-ciencias.org\/wp\/index.php?rest_route=%2Fwp%2Fv2%2Ftags&post=1890"}],"curies":[{"name":"wp","href":"https:\/\/api.w.org\/{rel}","templated":true}]}}