{"id":1917,"date":"2022-03-07T16:50:54","date_gmt":"2022-03-07T16:50:54","guid":{"rendered":"http:\/\/rac-ciencias.org\/wp\/?p=1917"},"modified":"2022-03-17T09:43:56","modified_gmt":"2022-03-17T09:43:56","slug":"inauguracion-del-curso-2022-de-la-racc","status":"publish","type":"post","link":"https:\/\/rac-ciencias.org\/wp\/?p=1917","title":{"rendered":"Inauguraci\u00f3n del curso 2022 de la RACC"},"content":{"rendered":"\n<div class=\"wp-block-image is-style-default\"><figure class=\"aligncenter size-full is-resized\"><img loading=\"lazy\" decoding=\"async\" src=\"http:\/\/rac-ciencias.org\/wp\/wp-content\/uploads\/2022\/03\/HusefrauStrasse-1.jpg\" alt=\"\" class=\"wp-image-1925\" width=\"441\" height=\"247\" srcset=\"https:\/\/rac-ciencias.org\/wp\/wp-content\/uploads\/2022\/03\/HusefrauStrasse-1.jpg 1024w, https:\/\/rac-ciencias.org\/wp\/wp-content\/uploads\/2022\/03\/HusefrauStrasse-1-300x169.jpg 300w, https:\/\/rac-ciencias.org\/wp\/wp-content\/uploads\/2022\/03\/HusefrauStrasse-1-768x432.jpg 768w\" sizes=\"auto, (max-width: 441px) 100vw, 441px\" \/><figcaption>08.03.2022 (d\u00eda de la Mujer) La foto es de 2021, del Berliner Zeitung<\/figcaption><\/figure><\/div>\n\n\n\n<p class=\"has-vivid-purple-color has-text-color\">La Laguna, 11 de Marzo de 2022, a las 12:30 horas. <\/p>\n\n\n\n<p class=\"has-vivid-purple-color has-text-color\">En la Sala de Grados del edificio de la Secci\u00f3n de Qu\u00edmica de la Facultad de Ciencias de la ULL, tendr\u00e1 lugar la <\/p>\n\n\n\n<p class=\"has-text-align-center has-vivid-purple-color has-text-color\"><strong>Solemne Sesi\u00f3n de Apertura del A\u00f1o Acad\u00e9mico 2022<\/strong><\/p>\n\n\n\n<p class=\"has-text-align-center has-vivid-cyan-blue-color has-text-color has-medium-font-size\"><strong>El Prof. Dr. D. Juan Manuel Rodr\u00edguez Parrondo<\/strong><\/p>\n\n\n\n<p class=\"has-text-align-center has-black-color has-text-color\">Catedr\u00e1tico de F\u00edsica de la  U Complutense de Madrid, ofrecer\u00e1 la<\/p>\n\n\n\n<p class=\"has-text-align-center has-vivid-cyan-blue-color has-text-color has-large-font-size\"><strong>Conferencia Inaugural<\/strong><\/p>\n\n\n\n<p class=\"has-text-align-center has-vivid-cyan-blue-color has-text-color has-large-font-size\"><strong>\u201cTermodin\u00e1mica e informaci\u00f3n\u201d<\/strong><\/p>\n\n\n\n<p class=\"has-text-align-center\">El Dr Parrondo, conocido por la \u00ab<strong>Paradoja de Parrondo<\/strong>\u00ab, entronca directamente con una tradici\u00f3n termodin\u00e1mica  \/  inform\u00e1tica que se remonta a Ludwig Boltzmann (1844-1906)<\/p>\n\n\n\n<p>Puede seguirse aqu\u00ed la presentaci\u00f3n: <\/p>\n\n\n\n<figure class=\"wp-block-embed is-type-video is-provider-youtube wp-block-embed-youtube wp-embed-aspect-16-9 wp-has-aspect-ratio\"><div class=\"wp-block-embed__wrapper\">\n<iframe loading=\"lazy\" title=\"Termodin\u00e1mica e informaci\u00f3n\" width=\"690\" height=\"388\" src=\"https:\/\/www.youtube.com\/embed\/sOabcIfdcTA?feature=oembed\" frameborder=\"0\" allow=\"accelerometer; autoplay; clipboard-write; encrypted-media; gyroscope; picture-in-picture\" allowfullscreen><\/iframe>\n<\/div><\/figure>\n\n\n\n<p><\/p>\n\n\n\n<p><\/p>\n\n\n\n<p><\/p>\n\n\n\n<p><\/p>\n\n\n\n<p class=\"has-text-align-center\"><\/p>\n\n\n\n<figure class=\"wp-block-pullquote\"><blockquote><p><\/p><p><\/p><p><\/p><p><\/p><\/blockquote><\/figure>\n\n\n\n<p><\/p>\n","protected":false},"excerpt":{"rendered":"<p>La Laguna, 11 de Marzo de 2022, a las 12:30 horas. En la Sala de Grados del edificio de la Secci\u00f3n de Qu\u00edmica de la Facultad de Ciencias de la ULL, tendr\u00e1 lugar la Solemne Sesi\u00f3n de Apertura del A\u00f1o Acad\u00e9mico 2022 El Prof. Dr. D. Juan Manuel Rodr\u00edguez Parrondo Catedr\u00e1tico de F\u00edsica de la [&hellip;]<\/p>\n","protected":false},"author":1,"featured_media":0,"comment_status":"open","ping_status":"open","sticky":false,"template":"","format":"standard","meta":{"footnotes":""},"categories":[1],"tags":[],"class_list":["post-1917","post","type-post","status-publish","format-standard","hentry","category-uncategorized"],"_links":{"self":[{"href":"https:\/\/rac-ciencias.org\/wp\/index.php?rest_route=\/wp\/v2\/posts\/1917","targetHints":{"allow":["GET"]}}],"collection":[{"href":"https:\/\/rac-ciencias.org\/wp\/index.php?rest_route=\/wp\/v2\/posts"}],"about":[{"href":"https:\/\/rac-ciencias.org\/wp\/index.php?rest_route=\/wp\/v2\/types\/post"}],"author":[{"embeddable":true,"href":"https:\/\/rac-ciencias.org\/wp\/index.php?rest_route=\/wp\/v2\/users\/1"}],"replies":[{"embeddable":true,"href":"https:\/\/rac-ciencias.org\/wp\/index.php?rest_route=%2Fwp%2Fv2%2Fcomments&post=1917"}],"version-history":[{"count":16,"href":"https:\/\/rac-ciencias.org\/wp\/index.php?rest_route=\/wp\/v2\/posts\/1917\/revisions"}],"predecessor-version":[{"id":1956,"href":"https:\/\/rac-ciencias.org\/wp\/index.php?rest_route=\/wp\/v2\/posts\/1917\/revisions\/1956"}],"wp:attachment":[{"href":"https:\/\/rac-ciencias.org\/wp\/index.php?rest_route=%2Fwp%2Fv2%2Fmedia&parent=1917"}],"wp:term":[{"taxonomy":"category","embeddable":true,"href":"https:\/\/rac-ciencias.org\/wp\/index.php?rest_route=%2Fwp%2Fv2%2Fcategories&post=1917"},{"taxonomy":"post_tag","embeddable":true,"href":"https:\/\/rac-ciencias.org\/wp\/index.php?rest_route=%2Fwp%2Fv2%2Ftags&post=1917"}],"curies":[{"name":"wp","href":"https:\/\/api.w.org\/{rel}","templated":true}]}}